{"id":756586,"date":"2016-07-15T21:30:00","date_gmt":"2016-07-15T19:30:00","guid":{"rendered":"https:\/\/dailynewshungary.com\/de\/ungarische-tranen-vor-den-rumanischen-gerichten-video\/"},"modified":"2016-07-15T21:30:00","modified_gmt":"2016-07-15T19:30:00","slug":"ungarische-tranen-vor-den-rumanischen-gerichten-video","status":"publish","type":"post","link":"https:\/\/dailynewshungary.com\/de\/ungarische-tranen-vor-den-rumanischen-gerichten-video\/","title":{"rendered":"Ungarische Tr\u00e4nen vor den rum\u00e4nischen Gerichten \u2013 VIDEO"},"content":{"rendered":"<p><strong>Die Europaabgeordnete Krisztina Morvai ver\u00f6ffentlichte ihren zweiten Dokumentarfilm \u00fcber die Unterdr\u00fcckung ethnischer Ungarn in Rum\u00e4nien (ungarisch mit englischen Untertiteln).Das Dokumentarvideo entstand w\u00e4hrend des Besuchs des Nationalen Rechtshilfedienstes in Regionen Erd\u00e9lys, in denen ethnische Ungarn die Mehrheit der Bev\u00f6lkerung ausmachen.<\/strong><\/p>\n<p>Die Beobachter stellten fest, dass die Sprachrechte ethnischer Ungarn vor rum\u00e4nischen Gerichten eklatant verletzt wurden, wo selbst die wichtigsten Informationen nicht auf Ungarisch verf\u00fcgbar sind.<\/p>\n<p>Der Dokumentarfilm bietet internationalen Menschenrechtsbeobachtern die M\u00f6glichkeit, Informationen aus erster Hand \u00fcber die systematische Verletzung der individuellen und kollektiven Menschenrechte ethnischer Ungarn in Rum\u00e4nien zu erhalten.<\/p>\n<p>Rum\u00e4nien als EU-Mitgliedstaat w\u00e4re verpflichtet, diese Praktiken entsprechend den EU-Vorschriften zu \u00e4ndern.<\/p>\n<p>Die Produzenten des Videos bitten die Zuschauer, diesen Dokumentarfilm mit ihren Freunden und Mitarbeitern zu teilen und die staatliche Unterdr\u00fcckung ethnischer Ungarn in Rum\u00e4nien bekannt zu machen.<\/p>\n<p><iframe loading=\"lazy\" src=\"https:\/\/www.youtube.com\/embed\/kEP82ho6Ifg\" width=\"600\" height=\"400\" frameborder=\"0\" allowfullscreen=\"allowfullscreen\"><\/iframe><\/p>\n","protected":false},"excerpt":{"rendered":"<p>Die Europaabgeordnete Krisztina Morvai ver\u00f6ffentlichte ihren zweiten Dokumentarfilm \u00fcber die Unterdr\u00fcckung ethnischer Ungarn in Rum\u00e4nien (ungarisch mit englischen Untertiteln).Das Dokumentarvideo entstand w\u00e4hrend des Besuchs des Nationalen Rechtshilfedienstes in Regionen Erd\u00e9lys, in denen ethnische Ungarn die Mehrheit der Bev\u00f6lkerung ausmachen. Die Beobachter stellten fest, dass die Sprachrechte ethnischer Ungarn vor rum\u00e4nischen Gerichten eklatant verletzt wurden, wo [&hellip;]<\/p>\n","protected":false},"author":2,"featured_media":0,"comment_status":"open","ping_status":"open","sticky":false,"template":"","format":"standard","meta":{"_acf_changed":false,"_display_image":"","footnotes":""},"categories":[1098],"tags":[1082,1267,1425,1468,1497],"class_list":["post-756586","post","type-post","status-publish","format-standard","hentry","category-gesellschaft","tag-europaische-union","tag-rechte","tag-rumanien","tag-sprache","tag-szeklerland"],"blocksy_meta":[],"acf":[],"author_username":"alk","telegram_post":"","public_post_metadata":{"breaking_news":"","important":"","csempe":"","center_tile":"","disable_thumbnail":"","target_lang":"","_featured_image_style":"","telegram_post":"","_xlat_group_id":""},"public_rank_math_data":{"title":"%title% %sep% %sitename%","description":"","focus_keyword":"","canonical_url":"","robots":"","primary_category":"1098","breadcrumb_title":"","facebook_title":"","facebook_description":"","facebook_image":"","facebook_image_id":"","twitter_title":"","twitter_description":"","twitter_image":"","twitter_image_id":"","twitter_card_type":"","twitter_use_facebook":"","advanced_robots":"","pillar_content":"","seo_score":"","contentai_score":"","rich_snippet":""},"_links":{"self":[{"href":"https:\/\/dailynewshungary.com\/de\/wp-json\/wp\/v2\/posts\/756586","targetHints":{"allow":["GET"]}}],"collection":[{"href":"https:\/\/dailynewshungary.com\/de\/wp-json\/wp\/v2\/posts"}],"about":[{"href":"https:\/\/dailynewshungary.com\/de\/wp-json\/wp\/v2\/types\/post"}],"author":[{"embeddable":true,"href":"https:\/\/dailynewshungary.com\/de\/wp-json\/wp\/v2\/users\/2"}],"replies":[{"embeddable":true,"href":"https:\/\/dailynewshungary.com\/de\/wp-json\/wp\/v2\/comments?post=756586"}],"version-history":[{"count":0,"href":"https:\/\/dailynewshungary.com\/de\/wp-json\/wp\/v2\/posts\/756586\/revisions"}],"wp:attachment":[{"href":"https:\/\/dailynewshungary.com\/de\/wp-json\/wp\/v2\/media?parent=756586"}],"wp:term":[{"taxonomy":"category","embeddable":true,"href":"https:\/\/dailynewshungary.com\/de\/wp-json\/wp\/v2\/categories?post=756586"},{"taxonomy":"post_tag","embeddable":true,"href":"https:\/\/dailynewshungary.com\/de\/wp-json\/wp\/v2\/tags?post=756586"}],"curies":[{"name":"wp","href":"https:\/\/api.w.org\/{rel}","templated":true}]}}