{"id":756620,"date":"2016-07-14T18:30:39","date_gmt":"2016-07-14T16:30:39","guid":{"rendered":"https:\/\/dailynewshungary.com\/de\/wochentliche-pressekonferenz-der-regierung-zum-besuch-des-osterreichischen-kanzlers-zum-neuen-umverteilungsprogramm-fur-migranten-zur-modernisierung-der-budapester-u-bahn\/"},"modified":"2016-07-14T18:30:39","modified_gmt":"2016-07-14T16:30:39","slug":"wochentliche-pressekonferenz-der-regierung-zum-besuch-des-osterreichischen-kanzlers-zum-neuen-umverteilungsprogramm-fur-migranten-zur-modernisierung-der-budapester-u-bahn","status":"publish","type":"post","link":"https:\/\/dailynewshungary.com\/de\/wochentliche-pressekonferenz-der-regierung-zum-besuch-des-osterreichischen-kanzlers-zum-neuen-umverteilungsprogramm-fur-migranten-zur-modernisierung-der-budapester-u-bahn\/","title":{"rendered":"W\u00f6chentliche Pressekonferenz der Regierung zum Besuch des \u00f6sterreichischen Kanzlers, zum neuen Umverteilungsprogramm f\u00fcr Migranten, zur Modernisierung der Budapester U-Bahn"},"content":{"rendered":"<p><strong>Budapest, 26. Juli (MTI) 26. Juli wird der \u00f6sterreichische Bundeskanzler Christian Kern Budapest auf Einladung von Ministerpr\u00e4sident Viktor Orban einen Besuch abstatten, teilte der Regierungschef am Donnerstag mitJ\u00e1nos L\u00e1z\u00e1r nannte ein neues, von EU-Kommissar Dimitris Avramopoulos vorgeschlagenes Programm zur Umverteilung von Migranten \u201cbesonders gef\u00e4hrlich\u201d f\u00fcr Ungarn und argumentierte, dass das Vorhaben die Souver\u00e4nit\u00e4t des Landes beeintr\u00e4chtige und die weitere Migration nach Europa f\u00f6rdern w\u00fcrdeDie Regierung habe einen Fragebogen zur Vereinfachung der \u00f6ffentlichen Verwaltungsdienste und zur Senkung der Verwaltungsgeb\u00fchren auf den Weg gebracht, sagte erDie Europ\u00e4ische Kommission hat empfohlen, dass Budapest ein Darlehen zur Finanzierung des Ausbaus der dritten U-Bahn-Linie der Stadt aufnehmen sollte, da er sagte L\u00e1z.<\/strong><\/p>\n<figure id=\"attachment_74999\" aria-describedby=\"caption-attachment-74999\" style=\"width: 228px\" class=\"wp-caption alignright\"><img loading=\"lazy\" decoding=\"async\" class=\"size-medium wp-image-74999\" src=\"https:\/\/dailynewshungary.com\/wp-content\/uploads\/2016\/07\/D__YT20160714024-228x300.jpg\" alt=\"J\u00e1nos L\u00e1z\u00e1r, Foto: MTI\" width=\"228\" height=\"300\" srcset=\"https:\/\/contentf5.dailynewshungary.com\/wp-content\/uploads\/2016\/07\/D__YT20160714024-228x300.jpg 228w, https:\/\/contentf5.dailynewshungary.com\/wp-content\/uploads\/2016\/07\/D__YT20160714024-768x1009.jpg 768w, https:\/\/contentf5.dailynewshungary.com\/wp-content\/uploads\/2016\/07\/D__YT20160714024-779x1024.jpg 779w, https:\/\/contentf5.dailynewshungary.com\/wp-content\/uploads\/2016\/07\/D__YT20160714024-167x220.jpg 167w, https:\/\/contentf5.dailynewshungary.com\/wp-content\/uploads\/2016\/07\/D__YT20160714024-610x801.jpg 610w\" sizes=\"auto, (max-width: 228px) 100vw, 228px\"><figcaption id=\"caption-attachment-74999\" class=\"wp-caption-text\">J\u00e1nos L\u00e1z\u00e1r, Foto: MTI<\/figcaption><\/figure>\n<p><strong>\u00d6sterreichischer Kanzler besucht Ungarn am 26. Juli&nbsp;<\/strong><\/p>\n<p>Ziel des Besuchs sei es, \u201cein neues Kapitel\u201d in den ungarisch-\u00f6sterreichischen Beziehungen zu beginnen, sagte Dsch\u00e1nos L\u00e1z\u00e1r auf einer regelm\u00e4\u00dfigen w\u00f6chentlichen Pressekonferenz.<\/p>\n<p>Migration werde eines der Themen sein, die auf dem Treffen behandelt w\u00fcrden, und die beiden L\u00e4nder w\u00fcrden den Besuch auch nutzen, um ihre Wirtschaftsbeziehungen zu st\u00e4rken, sagte L\u00e1z\u00e1r.<\/p>\n<p>Er f\u00fcgte hinzu, dass er am Montag nach Wien reisen werde, um den Kanzlerbesuch offiziell zu arrangieren.<\/p>\n<p><strong>Der neue Vorschlag der EG zur Neuansiedlung von Migranten \u201egef\u00e4hrlich&#8217;<\/strong><\/p>\n<p>Im Rahmen des von Avramopoulos am Mittwoch vorgelegten Programms w\u00e4re Ungarn verpflichtet, Migranten zu integrieren, die in dem Land umgesiedelt werden, in das die EU 10.000 Euro f\u00fcr jeden aufgenommenen Migranten beisteuern w\u00fcrde, sagte L\u00e1z\u00e1r auf seiner regelm\u00e4\u00dfigen w\u00f6chentlichen Pressekonferenz.<\/p>\n<p>L\u00e1z\u00e1r nannte den Vorschlag \u201cunversch\u00e4mt\u201d und sagte, er sei schlimmer als die obligatorische Quotenregelung. Er sagte, Mitgliedstaaten, die sich weigern, an der Regelung teilzunehmen, w\u00fcrden wahrscheinlich mit Strafen rechnen m\u00fcssen.<\/p>\n<p>Der Leiter des Regierungsb\u00fcros sagte, die EG und die linken Fraktionen des Europ\u00e4ischen Parlaments arbeiteten \u201ezusammen\u201can dem Umsiedlungsprogramm f\u00fcr Migranten, das seiner Meinung nach Ungarns geplantes Referendum \u00fcber obligatorische Migrantenquoten am 2. Oktober umso wichtiger mache.<\/p>\n<p>Auf eine Frage antwortete L\u00e1z\u00e1r, es sei \u201cunvorstellbar\u201d, dass die EG das Ergebnis des ungarischen Referendums ignorieren w\u00fcrde.<\/p>\n<p>Bez\u00fcglich seiner pers\u00f6nlichen Meinung \u00fcber die EU schlug er vor, die Befugnisse des Europ\u00e4ischen Rates gegen\u00fcber denen der Kommission zu st\u00e4rken.<\/p>\n<p>L\u00e1z\u00e1r wies Berichte von Menschenrechtsorganisationen zur\u00fcck, in denen den ungarischen Beh\u00f6rden vorgeworfen wurde, an der Grenze gegen\u00fcber Migranten gewaltt\u00e4tig zu sein, als \u201eL\u00fcgen und Verleumdungen\u201cEr sagte, die Beh\u00f6rden h\u00e4tten professionell mit Migranten umgegangen.<\/p>\n<p>Human Rights Watch sagte in einem am Mittwoch ver\u00f6ffentlichten Bericht, dass Ungarns Beh\u00f6rden Migranten \u201cin aller Munde\u201d an der S\u00fcdgrenze \u201cmit grausamer und gewaltsamer Behandlung in einigen F\u00e4llen\u201d nach Serbien zur\u00fcckdr\u00e4ngen, ohne ihre Schutzanspr\u00fcche zu ber\u00fccksichtigen.<\/p>\n<p>L\u00e1z\u00e1r sagte, seit Inkrafttreten der neuen Grenzregeln Ungarns letzte Woche seien 450-500 illegale Einreisende festgenommen und an die Grenze zur\u00fcckgebracht worden. Er sagte, die Polizei mache Videoaufzeichnungen aller ihrer Verfahren.<\/p>\n<p>L\u00e1z\u00e1r \u00e4u\u00dferte seine Ablehnung eines aktuellen Vorschlags des nationalen Wirtschaftsverbandes MGYOSZ, ausl\u00e4ndische Arbeitskr\u00e4fte von au\u00dferhalb der EU einzustellen, um den Arbeitskr\u00e4ftemangel in bestimmten Sektoren zu lindern. Er sagte, das Ziel der Regierung sei es, die Arbeitslosigkeit unter Ungarn zu senken. Sobald die Wirtschaft Vollbesch\u00e4ftigung erreicht, k\u00f6nne die Regierung den Ungarn, die jenseits der Grenze leben, Arbeit anbieten, f\u00fcgte er hinzu.<\/p>\n<p>In Bezug auf den F\u00fchrungswechsel im Vereinigten K\u00f6nigreich sagte Lazar, die ungarische Regierung erwarte, dass ihre Beziehungen zur Regierung von Theresa May genauso eng sein werden wie zum Kabinett von David Cameron.<\/p>\n<p><strong>Regierung soll Fragebogen zur Vereinfachung der \u00f6ffentlichen Verwaltungsdienste ver\u00f6ffentlichen<\/strong><\/p>\n<p>Die B\u00fcrger haben bis zum 19. August Zeit, der Regierung mitzuteilen, welche Verwaltungsverfahren ihrer Meinung nach vereinfacht werden m\u00fcssen und welche Servicegeb\u00fchren gesenkt oder abgeschafft werden sollten, sagte L\u00e1z\u00e1r.<\/p>\n<p>Ziel der Kampagne ist es, den b\u00fcrokratischen Aufwand in der \u00f6ffentlichen Verwaltung weiter abzubauen.<\/p>\n<p><strong>EC empfiehlt Darlehen zur Finanzierung der Modernisierung der Budapester U-Bahn<\/strong><\/p>\n<p>L\u00e1z\u00e1r wurde bei seiner regelm\u00e4\u00dfigen w\u00f6chentlichen Pressekonferenz gebeten, sich zu einem aktuellen Bericht der Tageszeitung Nepszabads\u00e1g zu \u00e4u\u00dfern, in dem es hie\u00df, die Hauptstadt sei gezwungen, ein Darlehen in H\u00f6he von 139 Milliarden Forint (442,7 Mio. EUR) aufzunehmen, weil Br\u00fcssel vorgeschlagen hatte, keine finanzielle Unterst\u00fctzung bereitzustellen das Projekt.<\/p>\n<p>L\u00e1z\u00e1r sagte, Budapest k\u00f6nne ein EBWE-Darlehen aufnehmen, wenn die EG das Projekt nicht finanziere, und f\u00fcgte hinzu, dass der Staat bereit sei, dem Kapital eine Garantie f\u00fcr das Darlehen zu gew\u00e4hren.<\/p>\n<p><em>Foto: MTI<\/em><\/p>\n","protected":false},"excerpt":{"rendered":"<p>Budapest, 26. Juli (MTI) 26. Juli wird der \u00f6sterreichische Bundeskanzler Christian Kern Budapest auf Einladung von Ministerpr\u00e4sident Viktor Orban einen Besuch abstatten, teilte der Regierungschef am Donnerstag mitJ\u00e1nos L\u00e1z\u00e1r nannte ein neues, von EU-Kommissar Dimitris Avramopoulos vorgeschlagenes Programm zur Umverteilung von Migranten \u201cbesonders gef\u00e4hrlich\u201d f\u00fcr Ungarn und argumentierte, dass das Vorhaben die Souver\u00e4nit\u00e4t des Landes [&hellip;]<\/p>\n","protected":false},"author":2,"featured_media":756621,"comment_status":"open","ping_status":"open","sticky":false,"template":"","format":"standard","meta":{"_acf_changed":false,"_display_image":"","footnotes":""},"categories":[1081],"tags":[1111,1426,1082,1871,1445,1129,1145],"class_list":["post-756620","post","type-post","status-publish","format-standard","has-post-thumbnail","hentry","category-politik","tag-budapest","tag-europaische-kommission","tag-europaische-union","tag-migrantenquoten","tag-migration","tag-osterreich","tag-verkehr"],"blocksy_meta":[],"acf":[],"author_username":"alk","telegram_post":"","public_post_metadata":{"breaking_news":"","important":"","csempe":"","center_tile":"","disable_thumbnail":"","target_lang":"","_featured_image_style":"","telegram_post":"","_xlat_group_id":""},"public_rank_math_data":{"title":"%title% %sep% %sitename%","description":"","focus_keyword":"","canonical_url":"","robots":"","primary_category":"1081","breadcrumb_title":"","facebook_title":"","facebook_description":"","facebook_image":"","facebook_image_id":"","twitter_title":"","twitter_description":"","twitter_image":"","twitter_image_id":"","twitter_card_type":"","twitter_use_facebook":"","advanced_robots":"","pillar_content":"","seo_score":"","contentai_score":"","rich_snippet":""},"_links":{"self":[{"href":"https:\/\/dailynewshungary.com\/de\/wp-json\/wp\/v2\/posts\/756620","targetHints":{"allow":["GET"]}}],"collection":[{"href":"https:\/\/dailynewshungary.com\/de\/wp-json\/wp\/v2\/posts"}],"about":[{"href":"https:\/\/dailynewshungary.com\/de\/wp-json\/wp\/v2\/types\/post"}],"author":[{"embeddable":true,"href":"https:\/\/dailynewshungary.com\/de\/wp-json\/wp\/v2\/users\/2"}],"replies":[{"embeddable":true,"href":"https:\/\/dailynewshungary.com\/de\/wp-json\/wp\/v2\/comments?post=756620"}],"version-history":[{"count":0,"href":"https:\/\/dailynewshungary.com\/de\/wp-json\/wp\/v2\/posts\/756620\/revisions"}],"wp:featuredmedia":[{"embeddable":true,"href":"https:\/\/dailynewshungary.com\/de\/wp-json\/wp\/v2\/media\/756621"}],"wp:attachment":[{"href":"https:\/\/dailynewshungary.com\/de\/wp-json\/wp\/v2\/media?parent=756620"}],"wp:term":[{"taxonomy":"category","embeddable":true,"href":"https:\/\/dailynewshungary.com\/de\/wp-json\/wp\/v2\/categories?post=756620"},{"taxonomy":"post_tag","embeddable":true,"href":"https:\/\/dailynewshungary.com\/de\/wp-json\/wp\/v2\/tags?post=756620"}],"curies":[{"name":"wp","href":"https:\/\/api.w.org\/{rel}","templated":true}]}}