{"id":756638,"date":"2016-07-14T08:00:32","date_gmt":"2016-07-14T06:00:32","guid":{"rendered":"https:\/\/dailynewshungary.com\/de\/ungarischer-regierungsbeamter-schlagt-eu-migrationsvorschlage-zu\/"},"modified":"2016-07-14T08:00:32","modified_gmt":"2016-07-14T06:00:32","slug":"ungarischer-regierungsbeamter-schlagt-eu-migrationsvorschlage-zu","status":"publish","type":"post","link":"https:\/\/dailynewshungary.com\/de\/ungarischer-regierungsbeamter-schlagt-eu-migrationsvorschlage-zu\/","title":{"rendered":"Ungarischer Regierungsbeamter schl\u00e4gt EU-Migrationsvorschl\u00e4ge zu"},"content":{"rendered":"<p><strong>Budapest, 13. Juli (MTI) \u201eAuch die Europ\u00e4ische Kommission \u201edr\u00e4ngt weiterhin auf die Zwangsansiedlung\u201cvon Migranten in den EU-Mitgliedstaaten, sagte ein Staatssekret\u00e4r im B\u00fcro des Premierministers als Reaktion auf ein neues Paket europ\u00e4ischer Vorschl\u00e4ge, das am Mittwoch vorgelegt wurde.<\/strong><\/p>\n<p>Das Paket, das Kommissar Dimitris Avramopoulos fr\u00fcher am Tag angek\u00fcndigt hat, zielt auf einen gemeinsamen Neuansiedlungsrahmen ab, \u201cum geordnete und sichere Wege nach Europa f\u00fcr Personen zu gew\u00e4hrleisten, die internationalen Schutz ben\u00f6tigen\u201d Die EG hat au\u00dferdem vorgeschlagen, \u00c4nderungen am europ\u00e4ischen Asylsystem abzuschlie\u00dfen, \u201cum zu einer voll effizienten, fairen und humanen Asylpolitik zu gelangen\u201d.<\/p>\n<p>Staatssekret\u00e4rin Csaba D\u00f6m\u00f6t\u00f6r sagte, es sei \u201coffensichtlich\u201d, dass diese Pl\u00e4ne darauf abzielten, eine leichtere Einreise nach Europa zu erm\u00f6glichen, anstatt die Grenzkontrollen zu verst\u00e4rken \u201cBr\u00fcssel w\u00fcrde alle Mitglieder verpflichten, Einwanderer aufzunehmen\u201d, bestand D\u00f6m\u00f6t\u00f6r Au\u00dferdem schlug er vor, \u201cBr\u00fcssel w\u00fcrde die Zahl\u201d der Migranten f\u00fcr jedes Land aufnehmen, und nannte dies \u201cinakzeptabel\u201d.<\/p>\n<p>Das Paket werde die Migrationskrise nicht l\u00f6sen, sondern noch mehr Probleme schaffen, sagte der Beamte und argumentierte, dass die Vorschl\u00e4ge einer \u201cEinladung f\u00fcr weitere Millionen Migranten\u201d gleichk\u00e4men.<\/p>\n","protected":false},"excerpt":{"rendered":"<p>Budapest, 13. Juli (MTI) \u201eAuch die Europ\u00e4ische Kommission \u201edr\u00e4ngt weiterhin auf die Zwangsansiedlung\u201cvon Migranten in den EU-Mitgliedstaaten, sagte ein Staatssekret\u00e4r im B\u00fcro des Premierministers als Reaktion auf ein neues Paket europ\u00e4ischer Vorschl\u00e4ge, das am Mittwoch vorgelegt wurde. Das Paket, das Kommissar Dimitris Avramopoulos fr\u00fcher am Tag angek\u00fcndigt hat, zielt auf einen gemeinsamen Neuansiedlungsrahmen ab, \u201cum [&hellip;]<\/p>\n","protected":false},"author":2,"featured_media":756639,"comment_status":"open","ping_status":"open","sticky":false,"template":"","format":"standard","meta":{"_acf_changed":false,"_display_image":"","footnotes":""},"categories":[1081],"tags":[1082,1445],"class_list":["post-756638","post","type-post","status-publish","format-standard","has-post-thumbnail","hentry","category-politik","tag-europaische-union","tag-migration"],"blocksy_meta":[],"acf":[],"author_username":"alk","telegram_post":"","public_post_metadata":{"breaking_news":"","important":"","csempe":"","center_tile":"","disable_thumbnail":"","target_lang":"","_featured_image_style":"","telegram_post":"","_xlat_group_id":""},"public_rank_math_data":{"title":"%title% %sep% %sitename%","description":"","focus_keyword":"","canonical_url":"","robots":"","primary_category":"1081","breadcrumb_title":"","facebook_title":"","facebook_description":"","facebook_image":"","facebook_image_id":"","twitter_title":"","twitter_description":"","twitter_image":"","twitter_image_id":"","twitter_card_type":"","twitter_use_facebook":"","advanced_robots":"","pillar_content":"","seo_score":"","contentai_score":"","rich_snippet":""},"_links":{"self":[{"href":"https:\/\/dailynewshungary.com\/de\/wp-json\/wp\/v2\/posts\/756638","targetHints":{"allow":["GET"]}}],"collection":[{"href":"https:\/\/dailynewshungary.com\/de\/wp-json\/wp\/v2\/posts"}],"about":[{"href":"https:\/\/dailynewshungary.com\/de\/wp-json\/wp\/v2\/types\/post"}],"author":[{"embeddable":true,"href":"https:\/\/dailynewshungary.com\/de\/wp-json\/wp\/v2\/users\/2"}],"replies":[{"embeddable":true,"href":"https:\/\/dailynewshungary.com\/de\/wp-json\/wp\/v2\/comments?post=756638"}],"version-history":[{"count":0,"href":"https:\/\/dailynewshungary.com\/de\/wp-json\/wp\/v2\/posts\/756638\/revisions"}],"wp:featuredmedia":[{"embeddable":true,"href":"https:\/\/dailynewshungary.com\/de\/wp-json\/wp\/v2\/media\/756639"}],"wp:attachment":[{"href":"https:\/\/dailynewshungary.com\/de\/wp-json\/wp\/v2\/media?parent=756638"}],"wp:term":[{"taxonomy":"category","embeddable":true,"href":"https:\/\/dailynewshungary.com\/de\/wp-json\/wp\/v2\/categories?post=756638"},{"taxonomy":"post_tag","embeddable":true,"href":"https:\/\/dailynewshungary.com\/de\/wp-json\/wp\/v2\/tags?post=756638"}],"curies":[{"name":"wp","href":"https:\/\/api.w.org\/{rel}","templated":true}]}}