{"id":756688,"date":"2016-07-12T10:00:36","date_gmt":"2016-07-12T08:00:36","guid":{"rendered":"https:\/\/dailynewshungary.com\/de\/ungarns-regierung-lehnt-die-drohung-der-eu-ab-antiquotenlander-mit-geldstrafen-zu-belegen\/"},"modified":"2016-07-12T10:00:36","modified_gmt":"2016-07-12T08:00:36","slug":"ungarns-regierung-lehnt-die-drohung-der-eu-ab-antiquotenlander-mit-geldstrafen-zu-belegen","status":"publish","type":"post","link":"https:\/\/dailynewshungary.com\/de\/ungarns-regierung-lehnt-die-drohung-der-eu-ab-antiquotenlander-mit-geldstrafen-zu-belegen\/","title":{"rendered":"Ungarns Regierung lehnt die \u2018Drohung\u2019 der EU ab, Antiquotenl\u00e4nder mit Geldstrafen zu belegen"},"content":{"rendered":"<p><strong>Budapest (MTI) \u201eAuch die ungarische Regierung lehnt die europ\u00e4ischen Pl\u00e4ne, gegen eine \u201eZwangsansiedlung\u201cvon Migranten eine Geldstrafe gegen L\u00e4nder zu verh\u00e4ngen, entschieden ab, teilte das Informationszentrum der Regierung am Montag mit.<\/strong><\/p>\n<p>In einer Erkl\u00e4rung beharrten sie darauf, dass \u201cUngarn im Gegensatz zu mehreren anderen L\u00e4ndern von Anfang an die EU-Vorschriften durchgesetzt hat, die Schengen-Grenzen Europas gesch\u00fctzt hat, dass es Einreisende gestoppt und registriert hat, wodurch Wirtschaftsmigranten und Fl\u00fcchtlinge aus Kriegsgebieten getrennt wurden\u201d.<\/p>\n<p>Die Zahl der Asylsuchenden in Ungarn \u00fcberstieg im vergangenen Jahr 177.000 und im Jahr 2016 23.000, hei\u00dft es in der Erkl\u00e4rung weiter. Der ungarische Staat gibt monatlich 140.000 Forint (450 EUR) f\u00fcr Dienstleistungen f\u00fcr einen Asylbewerber aus, \u201efast doppelt so viel wie der Nettomindestlohn\u201csagten die Autoren der Erkl\u00e4rung.<\/p>\n<p>Andererseits w\u00fcrde die EU Ungarn f\u00fcr jeden abgelehnten Migranten 78 Millionen Forint zu Geldstrafen verh\u00e4ngen, \u201cdas \u00c4quivalent einer Summe, die ein ungarischer Arbeitnehmer in 40 Jahren verdient\u201d, hei\u00dft es in dem DokumentDer Block \u201cgibt gleichzeitig eine Million Forint f\u00fcr einen ungarischen Staatsangeh\u00f6rigen aus\u201d, f\u00fcgte er hinzu.<\/p>\n<p>In seiner Stellungnahme warnte das Informationszentrum au\u00dferdem davor, dass die europ\u00e4ischen Pl\u00e4ne auf einen \u201cpermanenten Verteilungsmechanismus\u201d abzielen, w\u00e4hrend die Zahl der Neueinsteiger in Europa nicht vorhergesagt werden k\u00f6nne.<\/p>\n<p><em>Foto: MTI (in Serbien)<\/em><\/p>\n","protected":false},"excerpt":{"rendered":"<p>Budapest (MTI) \u201eAuch die ungarische Regierung lehnt die europ\u00e4ischen Pl\u00e4ne, gegen eine \u201eZwangsansiedlung\u201cvon Migranten eine Geldstrafe gegen L\u00e4nder zu verh\u00e4ngen, entschieden ab, teilte das Informationszentrum der Regierung am Montag mit. In einer Erkl\u00e4rung beharrten sie darauf, dass \u201cUngarn im Gegensatz zu mehreren anderen L\u00e4ndern von Anfang an die EU-Vorschriften durchgesetzt hat, die Schengen-Grenzen Europas gesch\u00fctzt [&hellip;]<\/p>\n","protected":false},"author":2,"featured_media":756689,"comment_status":"open","ping_status":"open","sticky":false,"template":"","format":"standard","meta":{"_acf_changed":false,"_display_image":"","footnotes":""},"categories":[1081],"tags":[1082,1871,1445,1299],"class_list":["post-756688","post","type-post","status-publish","format-standard","has-post-thumbnail","hentry","category-politik","tag-europaische-union","tag-migrantenquoten","tag-migration","tag-schengen"],"blocksy_meta":[],"acf":[],"author_username":"alk","telegram_post":"","public_post_metadata":{"breaking_news":"","important":"","csempe":"","center_tile":"","disable_thumbnail":"","target_lang":"","_featured_image_style":"","telegram_post":"","_xlat_group_id":""},"public_rank_math_data":{"title":"%title% %sep% %sitename%","description":"","focus_keyword":"","canonical_url":"","robots":"","primary_category":"1081","breadcrumb_title":"","facebook_title":"","facebook_description":"","facebook_image":"","facebook_image_id":"","twitter_title":"","twitter_description":"","twitter_image":"","twitter_image_id":"","twitter_card_type":"","twitter_use_facebook":"","advanced_robots":"","pillar_content":"","seo_score":"","contentai_score":"","rich_snippet":""},"_links":{"self":[{"href":"https:\/\/dailynewshungary.com\/de\/wp-json\/wp\/v2\/posts\/756688","targetHints":{"allow":["GET"]}}],"collection":[{"href":"https:\/\/dailynewshungary.com\/de\/wp-json\/wp\/v2\/posts"}],"about":[{"href":"https:\/\/dailynewshungary.com\/de\/wp-json\/wp\/v2\/types\/post"}],"author":[{"embeddable":true,"href":"https:\/\/dailynewshungary.com\/de\/wp-json\/wp\/v2\/users\/2"}],"replies":[{"embeddable":true,"href":"https:\/\/dailynewshungary.com\/de\/wp-json\/wp\/v2\/comments?post=756688"}],"version-history":[{"count":0,"href":"https:\/\/dailynewshungary.com\/de\/wp-json\/wp\/v2\/posts\/756688\/revisions"}],"wp:featuredmedia":[{"embeddable":true,"href":"https:\/\/dailynewshungary.com\/de\/wp-json\/wp\/v2\/media\/756689"}],"wp:attachment":[{"href":"https:\/\/dailynewshungary.com\/de\/wp-json\/wp\/v2\/media?parent=756688"}],"wp:term":[{"taxonomy":"category","embeddable":true,"href":"https:\/\/dailynewshungary.com\/de\/wp-json\/wp\/v2\/categories?post=756688"},{"taxonomy":"post_tag","embeddable":true,"href":"https:\/\/dailynewshungary.com\/de\/wp-json\/wp\/v2\/tags?post=756688"}],"curies":[{"name":"wp","href":"https:\/\/api.w.org\/{rel}","templated":true}]}}