{"id":756702,"date":"2016-07-11T17:11:14","date_gmt":"2016-07-11T15:11:14","guid":{"rendered":"https:\/\/dailynewshungary.com\/de\/fidesz-kritisiert-linke-europaabgeordnete-fur-unterstutzung-einer-eu-buse-wegen-ablehnung-von-migranten-update\/"},"modified":"2016-07-11T17:11:14","modified_gmt":"2016-07-11T15:11:14","slug":"fidesz-kritisiert-linke-europaabgeordnete-fur-unterstutzung-einer-eu-buse-wegen-ablehnung-von-migranten-update","status":"publish","type":"post","link":"https:\/\/dailynewshungary.com\/de\/fidesz-kritisiert-linke-europaabgeordnete-fur-unterstutzung-einer-eu-buse-wegen-ablehnung-von-migranten-update\/","title":{"rendered":"Fidesz kritisiert linke Europaabgeordnete f\u00fcr \u201eUnterst\u00fctzung einer EU-Bu\u00dfe wegen Ablehnung von Migranten\u2019 \u201eUPDATE"},"content":{"rendered":"<p><strong>Budapest, 11. Juli (MTI) \u2013 Fidesz hat ungarische linke Europaabgeordnete daf\u00fcr kritisiert, dass sie f\u00fcr einen Antrag auf Geldstrafe gegen Mitgliedstaaten der Europ\u00e4ischen Union gestimmt haben, die sich weigern, an der Migrantenquotenregelung teilzunehmen.<\/strong><\/p>\n<p>Sozialistische, Demokratische Koalition, Egy\u00fctt und Dialog f\u00fcr Ungarn Die Abgeordneten unterst\u00fctzten den Schritt, Mitgliedstaaten, die sich weigern, die Umverteilung von Migranten, die sich bereits in der EU aufhalten, zu \u201cbestrafen\u201d, sagten Fidesz-Fraktionsvorsitzender Lajos K\u00f3sa und sein mitregierender christdemokratischer Amtskollege P\u00e9ter Harrach in einer Erkl\u00e4rung.<\/p>\n<p>Nach durchgesickerten Entw\u00fcrfen des Vorschlags w\u00fcrde Br\u00fcssel f\u00fcr jeden einzelnen abgelehnten Migranten eine Geldbu\u00dfe von 78 Millionen Forint (248 000 EUR) erheben.<\/p>\n<p>\u201cDieser ungeheuerliche Vorschlag ist ein weiteres Zeichen daf\u00fcr, dass Br\u00fcssel v\u00f6llig unempfindlich gegen\u00fcber der Realit\u00e4t ist und den Kontakt zu den W\u00e4hlern verloren hat\u201d, hie\u00df es in der Erkl\u00e4rung und betonte, dass der Vorschlag dem EU-Recht und dem Basisvertrag widerspreche \u201eDie ungarische politische Linke hat sich erneut daf\u00fcr entschieden, die Interessen Br\u00fcssels und nicht die des ungarischen Volkes zu vertreten.\u201c\u201d, f\u00fcgte die Erkl\u00e4rung hinzu.<\/p>\n<p>Die Oppositionspartei Premierminister warf dem regierenden Fidesz am Montag vor, Entscheidungen des Europ\u00e4ischen Parlaments absichtlich falsch dargestellt zu haben, um Stimmung gegen Fl\u00fcchtlinge und den ungarischen linken Fl\u00fcgel zu machen.<\/p>\n<p>Der Sprecher des Premierministers Bence Tordai, der vom MTI gebeten wurde, sich zu den j\u00fcngsten \u00c4u\u00dferungen von Staatssekret\u00e4rin Csaba D\u00f6m\u00f6t\u00f6r zu \u00e4u\u00dfern, die dem ungarischen linken Fl\u00fcgel vorwarf, f\u00fcr die Geldbu\u00dfe gestimmt zu haben, bestritt, dass das EP f\u00fcr die Zustimmung zu einem solchen Antrag gestimmt habe, einem Vorschlag zufolge, der von dem Abgeordneten Benedek J\u00e1vor von Ungarns PM-Partei unterst\u00fctzt wurde, sollten bestimmte Ressourcen den Mitgliedstaaten f\u00fcr die Bew\u00e4ltigung der Fl\u00fcchtlingskrise \u00fcberlassen werden, sagte er.<\/p>\n<p>Die Regierungsparteien \u201cverbreiten L\u00fcgen\u201d und sind bankrott von Ideen, sagte Tordai.<\/p>\n<p>Er bestand darauf, dass es keine \u201cZwangsregelung\u201d gebe, und forderte die Ungarn auf, das \u201csinnlose Referendum\u201d am 2. Oktober zu boykottieren und stattdessen an einer von Premierminister organisierten Demonstration teilzunehmen.<\/p>\n<p>Der sozialistische Europaabgeordnete Istv\u00e1n Ujhelyi warf Fidesz vor, Br\u00fcssel als Geldzapfen zu nutzen und die Verantwortung, die die EU-Mitgliedschaft mit sich bringt, zu meiden. Die Fl\u00fcchtlingskrise sei nur \u201eein Vorwand\u201d f\u00fcr die Regierung, Ungarn aus der EU zu vertreiben, sagte Ujhelyi in einer Erkl\u00e4rung. \u201eFidesz unternimmt alle Anstrengungen\u201cum die \u00d6ffentlichkeit \u00fcber die tats\u00e4chliche Lage des Landes in die Irre zu f\u00fchren \u201edurch Regierungspropaganda\u201d, die von einem auf dem R\u00fccken liegenden Medium bedient wird\u201d, betonte er und f\u00fcgte hinzu, dass Fidesz europ\u00e4ische Werte ablehnt und sogar Ansichten innerhalb der Europ\u00e4ischen Volkspartei, zu der sie geh\u00f6rt, missachtet. Der EVP-Abgeordnete Elmar Brok unterst\u00fctzte beispielsweise die Migrantenquote.<\/p>\n<h6>AKTUALISIEREN<\/h6>\n<p>Der stellvertretende Vorsitzende der Demokratischen Koalition (DK), P\u00e9ter Niederm\u00fcller, sagte in einer Erkl\u00e4rung, Domotor habe \u201cgegen die W\u00e4hler gelogen\u201d. Er beharrte darauf, dass der vom EP angenommene Bericht nicht mehr als die Position des Gremiums enthalte, dass \u201cein europ\u00e4ischer Ansatz auf der Grundlage von Solidarit\u00e4t und einer gerechten Verteilung der Lasten zur L\u00f6sung der Migrations &#8211; und Fl\u00fcchtlingskrise erforderlich sei\u201d Er stellte fest, dass auch die \u00fcberwiegende Mehrheit der EVP, der Fidesz angeh\u00f6rt, den Bericht unterst\u00fctzeDas Quotenreferendum sei \u201csinnlos und teuer\u201d, was keine Auswirkungen auf die europ\u00e4ische Fl\u00fcchtlingspolitik haben werde, sagte er und forderte die W\u00e4hler auf, die Abstimmung zu boykottieren.<\/p>\n<p>Der Europaabgeordnete des LMP, Tam\u00e1s Meszerics, sagte, dass die Fl\u00fcchtlingskrise durch das Quotensystem angegangen werden k\u00f6nne, jedoch \u201cdie L\u00f6sung des Problems in nationaler Zust\u00e4ndigkeit gehalten werden sollte\u201d Er bestand darauf, dass \u201cSolidarit\u00e4t und ein gemeinsames, europ\u00e4isches Engagement\u201d mit klar definierten Bedingungen erforderlich seienDas EP hat in seinem Bericht die Europ\u00e4ische Kommission aufgefordert, ein System zur Bewertung der Mitglieder im Hinblick auf eine gemeinsame Verantwortung einzurichtenEr bestand darauf, dass in der Entschlie\u00dfung des EP keine obligatorische Regelung vorgesehen sei.<\/p>\n","protected":false},"excerpt":{"rendered":"<p>Budapest, 11. Juli (MTI) \u2013 Fidesz hat ungarische linke Europaabgeordnete daf\u00fcr kritisiert, dass sie f\u00fcr einen Antrag auf Geldstrafe gegen Mitgliedstaaten der Europ\u00e4ischen Union gestimmt haben, die sich weigern, an der Migrantenquotenregelung teilzunehmen. Sozialistische, Demokratische Koalition, Egy\u00fctt und Dialog f\u00fcr Ungarn Die Abgeordneten unterst\u00fctzten den Schritt, Mitgliedstaaten, die sich weigern, die Umverteilung von Migranten, die [&hellip;]<\/p>\n","protected":false},"author":2,"featured_media":756703,"comment_status":"open","ping_status":"open","sticky":false,"template":"","format":"standard","meta":{"_acf_changed":false,"_display_image":"","footnotes":""},"categories":[1081],"tags":[1082,1091,1871,3772,1695],"class_list":["post-756702","post","type-post","status-publish","format-standard","has-post-thumbnail","hentry","category-politik","tag-europaische-union","tag-fidesz","tag-migrantenquoten","tag-referendum-uber-migrantenquoten","tag-sozialisten"],"blocksy_meta":[],"acf":[],"author_username":"alk","telegram_post":"","public_post_metadata":{"breaking_news":"","important":"","csempe":"","center_tile":"","disable_thumbnail":"","target_lang":"","_featured_image_style":"","telegram_post":"","_xlat_group_id":""},"public_rank_math_data":{"title":"%title% %sep% %sitename%","description":"","focus_keyword":"","canonical_url":"","robots":"","primary_category":"1081","breadcrumb_title":"","facebook_title":"","facebook_description":"","facebook_image":"","facebook_image_id":"","twitter_title":"","twitter_description":"","twitter_image":"","twitter_image_id":"","twitter_card_type":"","twitter_use_facebook":"","advanced_robots":"","pillar_content":"","seo_score":"","contentai_score":"","rich_snippet":""},"_links":{"self":[{"href":"https:\/\/dailynewshungary.com\/de\/wp-json\/wp\/v2\/posts\/756702","targetHints":{"allow":["GET"]}}],"collection":[{"href":"https:\/\/dailynewshungary.com\/de\/wp-json\/wp\/v2\/posts"}],"about":[{"href":"https:\/\/dailynewshungary.com\/de\/wp-json\/wp\/v2\/types\/post"}],"author":[{"embeddable":true,"href":"https:\/\/dailynewshungary.com\/de\/wp-json\/wp\/v2\/users\/2"}],"replies":[{"embeddable":true,"href":"https:\/\/dailynewshungary.com\/de\/wp-json\/wp\/v2\/comments?post=756702"}],"version-history":[{"count":0,"href":"https:\/\/dailynewshungary.com\/de\/wp-json\/wp\/v2\/posts\/756702\/revisions"}],"wp:featuredmedia":[{"embeddable":true,"href":"https:\/\/dailynewshungary.com\/de\/wp-json\/wp\/v2\/media\/756703"}],"wp:attachment":[{"href":"https:\/\/dailynewshungary.com\/de\/wp-json\/wp\/v2\/media?parent=756702"}],"wp:term":[{"taxonomy":"category","embeddable":true,"href":"https:\/\/dailynewshungary.com\/de\/wp-json\/wp\/v2\/categories?post=756702"},{"taxonomy":"post_tag","embeddable":true,"href":"https:\/\/dailynewshungary.com\/de\/wp-json\/wp\/v2\/tags?post=756702"}],"curies":[{"name":"wp","href":"https:\/\/api.w.org\/{rel}","templated":true}]}}