{"id":756710,"date":"2016-07-11T13:00:07","date_gmt":"2016-07-11T11:00:07","guid":{"rendered":"https:\/\/dailynewshungary.com\/de\/frankfurter-allgemeine-zeitung-orban-wirft-der-eg-eine-krise-vor-die-europa-betrifft\/"},"modified":"2016-07-11T13:00:07","modified_gmt":"2016-07-11T11:00:07","slug":"frankfurter-allgemeine-zeitung-orban-wirft-der-eg-eine-krise-vor-die-europa-betrifft","status":"publish","type":"post","link":"https:\/\/dailynewshungary.com\/de\/frankfurter-allgemeine-zeitung-orban-wirft-der-eg-eine-krise-vor-die-europa-betrifft\/","title":{"rendered":"Frankfurter Allgemeine Zeitung: Orb\u00e1n wirft der EG eine Krise vor, die Europa betrifft"},"content":{"rendered":"<p><strong>Berlin, 11. Juli (MTI) \u2013 Ministerpr\u00e4sident Viktor Orb\u00e1n warf der Europ\u00e4ischen Kommission vor, die Krise verursacht zu haben, die die Europ\u00e4ische Union plagt, und forderte die Mitgliedstaaten auf, die Macht von Br\u00fcssel zur\u00fcckzuerobern, sagte die konservative deutsche Tageszeitung Frankfurter Allgemeine Zeitung am Montag.<\/strong><\/p>\n<p>Orb\u00e1n sagte, der Brexit sei einer der Beweise f\u00fcr das Scheitern der Kommission \u201cDie Vereitelung des europ\u00e4ischen Plans\u201d m\u00fcsse ein Ende haben, sagte er.<\/p>\n<p>Als einen der Gr\u00fcnde f\u00fcr die EU-Krise nannte er die \u00d6ffnung der Grenzen f\u00fcr Migranten, zudem sei einigen Mitgliedstaaten mit der \u201cstummen Zustimmung\u201d der EG freie Regierungszeit zum Bruch der Haushaltsdefizitregeln zugestanden worden, sagte er.<\/p>\n<p>Die beiden wichtigsten europ\u00e4ischen Errungenschaften seien in Gefahr: die gemeinsame W\u00e4hrung und der einheitliche Binnenmarkt, sagte Orb\u00e1n.<\/p>\n<p>Durch die Schlie\u00dfung seiner Grenzen f\u00fcr Migranten habe Ungarn dazu beigetragen, das europ\u00e4ische Modell und die europ\u00e4ische Lebensweise zu retten, f\u00fcgte er hinzu.<\/p>\n<p>Lesen Sie den vollst\u00e4ndigen Artikel (auf Deutsch)&nbsp;<a href=\"http:\/\/www.faz.net\/aktuell\/politik\/gastbeitrag-orban-keine-idealisierung-der-eu-14334218.html\" target=\"_blank\" rel=\"noopener\">HIER<\/a>.<\/p>\n<p>Der Vorsitzende der Oppositionspartei Egy\u00fctt, Viktor Szigetv\u00e1ri, warf Orban Angstmacherei und die Schaffung von Strohmannfeinden vor. Er sagte, der Premierminister gebe mit der Schuldzuweisung an die Europ\u00e4ische Kommission eine falsche Antwort auf die Krise der Europ\u00e4ischen Union. Er sagte, die wirkliche L\u00f6sung w\u00fcrde eine Mischung aus strengeren Grenzkontrollen, einem standardisierten Migrationssystem, einem obligatorischen Quotensystem, Solidarit\u00e4t und der Bew\u00e4ltigung von Krisen in au\u00dfereurop\u00e4ischen Nachbarl\u00e4ndern umfassen.<\/p>\n<p><em>Foto: MTI<\/em><\/p>\n","protected":false},"excerpt":{"rendered":"<p>Berlin, 11. Juli (MTI) \u2013 Ministerpr\u00e4sident Viktor Orb\u00e1n warf der Europ\u00e4ischen Kommission vor, die Krise verursacht zu haben, die die Europ\u00e4ische Union plagt, und forderte die Mitgliedstaaten auf, die Macht von Br\u00fcssel zur\u00fcckzuerobern, sagte die konservative deutsche Tageszeitung Frankfurter Allgemeine Zeitung am Montag. Orb\u00e1n sagte, der Brexit sei einer der Beweise f\u00fcr das Scheitern der [&hellip;]<\/p>\n","protected":false},"author":2,"featured_media":756711,"comment_status":"open","ping_status":"open","sticky":false,"template":"","format":"standard","meta":{"_acf_changed":false,"_display_image":"","footnotes":""},"categories":[1081],"tags":[1177,1426,1082,1445,1333],"class_list":["post-756710","post","type-post","status-publish","format-standard","has-post-thumbnail","hentry","category-politik","tag-deutschland","tag-europaische-kommission","tag-europaische-union","tag-migration","tag-viktor-oder-ban"],"blocksy_meta":[],"acf":[],"author_username":"alk","telegram_post":"","public_post_metadata":{"breaking_news":"","important":"","csempe":"","center_tile":"","disable_thumbnail":"","target_lang":"","_featured_image_style":"","telegram_post":"","_xlat_group_id":""},"public_rank_math_data":{"title":"%title% %sep% %sitename%","description":"","focus_keyword":"","canonical_url":"","robots":"","primary_category":"1081","breadcrumb_title":"","facebook_title":"","facebook_description":"","facebook_image":"","facebook_image_id":"","twitter_title":"","twitter_description":"","twitter_image":"","twitter_image_id":"","twitter_card_type":"","twitter_use_facebook":"","advanced_robots":"","pillar_content":"","seo_score":"","contentai_score":"","rich_snippet":""},"_links":{"self":[{"href":"https:\/\/dailynewshungary.com\/de\/wp-json\/wp\/v2\/posts\/756710","targetHints":{"allow":["GET"]}}],"collection":[{"href":"https:\/\/dailynewshungary.com\/de\/wp-json\/wp\/v2\/posts"}],"about":[{"href":"https:\/\/dailynewshungary.com\/de\/wp-json\/wp\/v2\/types\/post"}],"author":[{"embeddable":true,"href":"https:\/\/dailynewshungary.com\/de\/wp-json\/wp\/v2\/users\/2"}],"replies":[{"embeddable":true,"href":"https:\/\/dailynewshungary.com\/de\/wp-json\/wp\/v2\/comments?post=756710"}],"version-history":[{"count":0,"href":"https:\/\/dailynewshungary.com\/de\/wp-json\/wp\/v2\/posts\/756710\/revisions"}],"wp:featuredmedia":[{"embeddable":true,"href":"https:\/\/dailynewshungary.com\/de\/wp-json\/wp\/v2\/media\/756711"}],"wp:attachment":[{"href":"https:\/\/dailynewshungary.com\/de\/wp-json\/wp\/v2\/media?parent=756710"}],"wp:term":[{"taxonomy":"category","embeddable":true,"href":"https:\/\/dailynewshungary.com\/de\/wp-json\/wp\/v2\/categories?post=756710"},{"taxonomy":"post_tag","embeddable":true,"href":"https:\/\/dailynewshungary.com\/de\/wp-json\/wp\/v2\/tags?post=756710"}],"curies":[{"name":"wp","href":"https:\/\/api.w.org\/{rel}","templated":true}]}}