{"id":756716,"date":"2016-07-11T10:06:19","date_gmt":"2016-07-11T08:06:19","guid":{"rendered":"https:\/\/dailynewshungary.com\/de\/brussel-weigert-sich-ungarn-bei-migranten-dort-zu-helfen-wo-es-darauf-ankommt-sagt-regierungsbeamter\/"},"modified":"2016-07-11T10:06:19","modified_gmt":"2016-07-11T08:06:19","slug":"brussel-weigert-sich-ungarn-bei-migranten-dort-zu-helfen-wo-es-darauf-ankommt-sagt-regierungsbeamter","status":"publish","type":"post","link":"https:\/\/dailynewshungary.com\/de\/brussel-weigert-sich-ungarn-bei-migranten-dort-zu-helfen-wo-es-darauf-ankommt-sagt-regierungsbeamter\/","title":{"rendered":"Br\u00fcssel weigert sich, Ungarn bei Migranten dort zu helfen, wo es darauf ankommt, sagt Regierungsbeamter"},"content":{"rendered":"<p><strong>Budapest, 11. Juli (MTI) \u2013 Die Europ\u00e4ische Kommission hat Ungarns Bitte um finanzielle Unterst\u00fctzung f\u00fcr ein Waisenhaus, das sich an minderj\u00e4hrige Migranten richtet, abgelehnt, sagte ein Regierungsbeamter der Zeitung Magyar H\u00edrlap vom Montag.<\/strong><\/p>\n<p>Bence R\u00e9tv\u00e1ri, parlamentarischer Staatssekret\u00e4r im Personalministerium, sagte dem Papier, Br\u00fcssel \u201esolidarisiere sich vergeblich\u201cwenn es darum gehe, tats\u00e4chlich humanit\u00e4re Hilfe zu leisten.<\/p>\n<p>Er stellte fest, dass das K\u00e1roly Istv\u00e1n Center for Children in F\u00f3t, in der N\u00e4he von Budapest, Minderj\u00e4hrige beherbergt und betreut, die ohne ihre Eltern nach Ungarn gekommen sind. Fast alle von ihnen sind m\u00e4nnlich und 95 Prozent sind zwischen 14 und 18 Jahre alt. Derzeit sind es 80-100, obwohl dort zeitweise etwa 300 untergebracht waren, sagte er.<\/p>\n<p>R\u00e9tv\u00e1ri stellte fest, dass die Kommission \u00fcber einen Fonds f\u00fcr Migranten verf\u00fcge Ungarn beantragte 3,6 Milliarden Forint an Hilfe speziell f\u00fcr die Betreuung der minderj\u00e4hrigen Migranten, doch sein Antrag wurde abgelehnt. Allein im vergangenen Jahr seien 9.000 Migranten ohne Eltern in Ungarn aufgetaucht, f\u00fcgte er hinzu.<\/p>\n","protected":false},"excerpt":{"rendered":"<p>Budapest, 11. Juli (MTI) \u2013 Die Europ\u00e4ische Kommission hat Ungarns Bitte um finanzielle Unterst\u00fctzung f\u00fcr ein Waisenhaus, das sich an minderj\u00e4hrige Migranten richtet, abgelehnt, sagte ein Regierungsbeamter der Zeitung Magyar H\u00edrlap vom Montag. Bence R\u00e9tv\u00e1ri, parlamentarischer Staatssekret\u00e4r im Personalministerium, sagte dem Papier, Br\u00fcssel \u201esolidarisiere sich vergeblich\u201cwenn es darum gehe, tats\u00e4chlich humanit\u00e4re Hilfe zu leisten. Er [&hellip;]<\/p>\n","protected":false},"author":2,"featured_media":756717,"comment_status":"open","ping_status":"open","sticky":false,"template":"","format":"standard","meta":{"_acf_changed":false,"_display_image":"","footnotes":""},"categories":[1081],"tags":[1082,1445],"class_list":["post-756716","post","type-post","status-publish","format-standard","has-post-thumbnail","hentry","category-politik","tag-europaische-union","tag-migration"],"blocksy_meta":[],"acf":[],"author_username":"alk","telegram_post":"","public_post_metadata":{"breaking_news":"","important":"","csempe":"","center_tile":"","disable_thumbnail":"","target_lang":"","_featured_image_style":"","telegram_post":"","_xlat_group_id":""},"public_rank_math_data":{"title":"%title% %sep% %sitename%","description":"","focus_keyword":"","canonical_url":"","robots":"","primary_category":"1081","breadcrumb_title":"","facebook_title":"","facebook_description":"","facebook_image":"","facebook_image_id":"","twitter_title":"","twitter_description":"","twitter_image":"","twitter_image_id":"","twitter_card_type":"","twitter_use_facebook":"","advanced_robots":"","pillar_content":"","seo_score":"","contentai_score":"","rich_snippet":""},"_links":{"self":[{"href":"https:\/\/dailynewshungary.com\/de\/wp-json\/wp\/v2\/posts\/756716","targetHints":{"allow":["GET"]}}],"collection":[{"href":"https:\/\/dailynewshungary.com\/de\/wp-json\/wp\/v2\/posts"}],"about":[{"href":"https:\/\/dailynewshungary.com\/de\/wp-json\/wp\/v2\/types\/post"}],"author":[{"embeddable":true,"href":"https:\/\/dailynewshungary.com\/de\/wp-json\/wp\/v2\/users\/2"}],"replies":[{"embeddable":true,"href":"https:\/\/dailynewshungary.com\/de\/wp-json\/wp\/v2\/comments?post=756716"}],"version-history":[{"count":0,"href":"https:\/\/dailynewshungary.com\/de\/wp-json\/wp\/v2\/posts\/756716\/revisions"}],"wp:featuredmedia":[{"embeddable":true,"href":"https:\/\/dailynewshungary.com\/de\/wp-json\/wp\/v2\/media\/756717"}],"wp:attachment":[{"href":"https:\/\/dailynewshungary.com\/de\/wp-json\/wp\/v2\/media?parent=756716"}],"wp:term":[{"taxonomy":"category","embeddable":true,"href":"https:\/\/dailynewshungary.com\/de\/wp-json\/wp\/v2\/categories?post=756716"},{"taxonomy":"post_tag","embeddable":true,"href":"https:\/\/dailynewshungary.com\/de\/wp-json\/wp\/v2\/tags?post=756716"}],"curies":[{"name":"wp","href":"https:\/\/api.w.org\/{rel}","templated":true}]}}