{"id":756774,"date":"2016-07-08T18:30:07","date_gmt":"2016-07-08T16:30:07","guid":{"rendered":"https:\/\/dailynewshungary.com\/de\/jobbik-drangt-die-regierung-die-rechte-ethnischer-ungarn-in-der-slowakei-zu-verteidigen\/"},"modified":"2016-07-08T18:30:07","modified_gmt":"2016-07-08T16:30:07","slug":"jobbik-drangt-die-regierung-die-rechte-ethnischer-ungarn-in-der-slowakei-zu-verteidigen","status":"publish","type":"post","link":"https:\/\/dailynewshungary.com\/de\/jobbik-drangt-die-regierung-die-rechte-ethnischer-ungarn-in-der-slowakei-zu-verteidigen\/","title":{"rendered":"Jobbik dr\u00e4ngt die Regierung, die Rechte ethnischer Ungarn in der Slowakei zu verteidigen"},"content":{"rendered":"<p><strong>Budapest, 8. Juli (MTI) \u201eAuch die oppositionelle Jobbik-Partei erwartet von der Regierung, dass sie \u201eDruck\u201d auf die Slowakei aus\u00fcbt, um ethnische Probleme in diesem Land zu l\u00f6sen, und die Aufmerksamkeit der Europ\u00e4ischen Union auf das Vers\u00e4umnis der Slowakei \u201eGrundrechte zu gew\u00e4hrleisten\u201csagte der Jobbik-Abgeordnete Istv\u00e1n Sz\u00e1vay sagte am Freitag auf einer Pressekonferenz in Budapest.<\/strong><\/p>\n<p>Die Slowakei hat im zweiten Halbjahr 2016 die rotierende EU-Pr\u00e4sidentschaft inne.<\/p>\n<p>\u201cWenn die EU ihre grundlegenden Vorstellungen zu den Menschenrechten ernst genommen h\u00e4tte, h\u00e4tte sie die Slowakei nie zu ihren Mitgliedern gez\u00e4hlt\u201d, sagte Sz\u00e1vay und bezog sich dabei auf die Benes-Dekrete nach dem Zweiten Weltkrieg, die ethnische Ungarn aufgrund von Kollektivschuld diskriminierten und dies nie getan hatten wurde von der slowakischen Regierung widerrufen.<\/p>\n","protected":false},"excerpt":{"rendered":"<p>Budapest, 8. Juli (MTI) \u201eAuch die oppositionelle Jobbik-Partei erwartet von der Regierung, dass sie \u201eDruck\u201d auf die Slowakei aus\u00fcbt, um ethnische Probleme in diesem Land zu l\u00f6sen, und die Aufmerksamkeit der Europ\u00e4ischen Union auf das Vers\u00e4umnis der Slowakei \u201eGrundrechte zu gew\u00e4hrleisten\u201csagte der Jobbik-Abgeordnete Istv\u00e1n Sz\u00e1vay sagte am Freitag auf einer Pressekonferenz in Budapest. Die Slowakei [&hellip;]<\/p>\n","protected":false},"author":2,"featured_media":756775,"comment_status":"open","ping_status":"open","sticky":false,"template":"","format":"standard","meta":{"_acf_changed":false,"_display_image":"","footnotes":""},"categories":[1081],"tags":[1082,1632,1267,1173],"class_list":["post-756774","post","type-post","status-publish","format-standard","has-post-thumbnail","hentry","category-politik","tag-europaische-union","tag-jobbik","tag-rechte","tag-slowakei"],"blocksy_meta":[],"acf":[],"author_username":"alk","telegram_post":"","public_post_metadata":{"breaking_news":"","important":"","csempe":"","center_tile":"","disable_thumbnail":"","target_lang":"","_featured_image_style":"","telegram_post":"","_xlat_group_id":""},"public_rank_math_data":{"title":"%title% %sep% %sitename%","description":"","focus_keyword":"","canonical_url":"","robots":"","primary_category":"1081","breadcrumb_title":"","facebook_title":"","facebook_description":"","facebook_image":"","facebook_image_id":"","twitter_title":"","twitter_description":"","twitter_image":"","twitter_image_id":"","twitter_card_type":"","twitter_use_facebook":"","advanced_robots":"","pillar_content":"","seo_score":"","contentai_score":"","rich_snippet":""},"_links":{"self":[{"href":"https:\/\/dailynewshungary.com\/de\/wp-json\/wp\/v2\/posts\/756774","targetHints":{"allow":["GET"]}}],"collection":[{"href":"https:\/\/dailynewshungary.com\/de\/wp-json\/wp\/v2\/posts"}],"about":[{"href":"https:\/\/dailynewshungary.com\/de\/wp-json\/wp\/v2\/types\/post"}],"author":[{"embeddable":true,"href":"https:\/\/dailynewshungary.com\/de\/wp-json\/wp\/v2\/users\/2"}],"replies":[{"embeddable":true,"href":"https:\/\/dailynewshungary.com\/de\/wp-json\/wp\/v2\/comments?post=756774"}],"version-history":[{"count":0,"href":"https:\/\/dailynewshungary.com\/de\/wp-json\/wp\/v2\/posts\/756774\/revisions"}],"wp:featuredmedia":[{"embeddable":true,"href":"https:\/\/dailynewshungary.com\/de\/wp-json\/wp\/v2\/media\/756775"}],"wp:attachment":[{"href":"https:\/\/dailynewshungary.com\/de\/wp-json\/wp\/v2\/media?parent=756774"}],"wp:term":[{"taxonomy":"category","embeddable":true,"href":"https:\/\/dailynewshungary.com\/de\/wp-json\/wp\/v2\/categories?post=756774"},{"taxonomy":"post_tag","embeddable":true,"href":"https:\/\/dailynewshungary.com\/de\/wp-json\/wp\/v2\/tags?post=756774"}],"curies":[{"name":"wp","href":"https:\/\/api.w.org\/{rel}","templated":true}]}}