{"id":756811,"date":"2016-07-07T14:20:59","date_gmt":"2016-07-07T12:20:59","guid":{"rendered":"https:\/\/dailynewshungary.com\/de\/ausenminister-ungarn-referendum-erstes-mal-konnen-menschen-meinung-zur-migration-ausern\/"},"modified":"2016-07-07T14:20:59","modified_gmt":"2016-07-07T12:20:59","slug":"ausenminister-ungarn-referendum-erstes-mal-konnen-menschen-meinung-zur-migration-ausern","status":"publish","type":"post","link":"https:\/\/dailynewshungary.com\/de\/ausenminister-ungarn-referendum-erstes-mal-konnen-menschen-meinung-zur-migration-ausern\/","title":{"rendered":"Au\u00dfenminister: Ungarn-Referendum \u2018erstes Mal\u2019 k\u00f6nnen Menschen Meinung zur Migration \u00e4u\u00dfern"},"content":{"rendered":"<p><strong>Budapest, 7. Juli (MTI) \u201eAuch Ungarns bevorstehendes nationales Referendum \u00fcber die obligatorische Migrantenquotenregelung der EU wird \u201edas erste Mal sein, dass die europ\u00e4ische Bev\u00f6lkerung ihre Meinung \u00e4u\u00dfern kann\u201cdar\u00fcber, wie die Migrationspolitik der EU die Einheit des Blocks bedroht, sagte Ungarns Au\u00dfenminister am Donnerstag.<\/strong><\/p>\n<p>P\u00e9ter Szijj\u00e1rt\u00f3 sagte dem \u00f6ffentlichen Nachrichtensender M1, dass die Br\u00fcsseler Migrationspolitik die Ordnung Ungarns, die Sicherheit seiner Bev\u00f6lkerung und ausl\u00e4ndische Investitionen \u201ceindeutig bedroht\u201d Deshalb sei das Referendum so wichtig, betonte der Minister.<\/p>\n<p>Zur EU-Mitgliedschaft Ungarns sagte Szijj\u00e1rt\u00f3, der Verbleib im Block diene sowohl den politischen als auch den wirtschaftlichen Interessen des LandesEr f\u00fcgte jedoch hinzu, dass die EU reformbed\u00fcrftig sei.<\/p>\n<p>Szijj\u00e1rt\u00f3 sagte dem \u00f6ffentlich-rechtlichen Sender Kossuth Radio, dass Ungarn im vergangenen Jahr 67 ausl\u00e4ndische Investitionen angezogen habe \u201emehr denn je 6. \u201eSchau, die einen Gesamtwert von \u00fcber 1,3 Milliarden Euro hatten. Die betreffenden Investitionsprojekte h\u00e4tten 13.000 neue Arbeitspl\u00e4tze geschaffen, f\u00fcgte er hinzu.<\/p>\n<p>Die 38 im ersten Halbjahr 2016 gesicherten Investitionen \u00fcbersteigen 1,3 Milliarden Euro und werden 8.300 Arbeitspl\u00e4tze schaffen, sagte er.<\/p>\n","protected":false},"excerpt":{"rendered":"<p>Budapest, 7. Juli (MTI) \u201eAuch Ungarns bevorstehendes nationales Referendum \u00fcber die obligatorische Migrantenquotenregelung der EU wird \u201edas erste Mal sein, dass die europ\u00e4ische Bev\u00f6lkerung ihre Meinung \u00e4u\u00dfern kann\u201cdar\u00fcber, wie die Migrationspolitik der EU die Einheit des Blocks bedroht, sagte Ungarns Au\u00dfenminister am Donnerstag. P\u00e9ter Szijj\u00e1rt\u00f3 sagte dem \u00f6ffentlichen Nachrichtensender M1, dass die Br\u00fcsseler Migrationspolitik die [&hellip;]<\/p>\n","protected":false},"author":2,"featured_media":756812,"comment_status":"open","ping_status":"open","sticky":false,"template":"","format":"standard","meta":{"_acf_changed":false,"_display_image":"","footnotes":""},"categories":[1081],"tags":[1470,1082,1871,1445,3772],"class_list":["post-756811","post","type-post","status-publish","format-standard","has-post-thumbnail","hentry","category-politik","tag-ausenministerium-fur-ungarn","tag-europaische-union","tag-migrantenquoten","tag-migration","tag-referendum-uber-migrantenquoten"],"blocksy_meta":[],"acf":[],"author_username":"alk","telegram_post":"","public_post_metadata":{"breaking_news":"","important":"","csempe":"","center_tile":"","disable_thumbnail":"","target_lang":"","_featured_image_style":"","telegram_post":"","_xlat_group_id":""},"public_rank_math_data":{"title":"%title% %sep% %sitename%","description":"","focus_keyword":"","canonical_url":"","robots":"","primary_category":"1081","breadcrumb_title":"","facebook_title":"","facebook_description":"","facebook_image":"","facebook_image_id":"","twitter_title":"","twitter_description":"","twitter_image":"","twitter_image_id":"","twitter_card_type":"","twitter_use_facebook":"","advanced_robots":"","pillar_content":"","seo_score":"","contentai_score":"","rich_snippet":""},"_links":{"self":[{"href":"https:\/\/dailynewshungary.com\/de\/wp-json\/wp\/v2\/posts\/756811","targetHints":{"allow":["GET"]}}],"collection":[{"href":"https:\/\/dailynewshungary.com\/de\/wp-json\/wp\/v2\/posts"}],"about":[{"href":"https:\/\/dailynewshungary.com\/de\/wp-json\/wp\/v2\/types\/post"}],"author":[{"embeddable":true,"href":"https:\/\/dailynewshungary.com\/de\/wp-json\/wp\/v2\/users\/2"}],"replies":[{"embeddable":true,"href":"https:\/\/dailynewshungary.com\/de\/wp-json\/wp\/v2\/comments?post=756811"}],"version-history":[{"count":0,"href":"https:\/\/dailynewshungary.com\/de\/wp-json\/wp\/v2\/posts\/756811\/revisions"}],"wp:featuredmedia":[{"embeddable":true,"href":"https:\/\/dailynewshungary.com\/de\/wp-json\/wp\/v2\/media\/756812"}],"wp:attachment":[{"href":"https:\/\/dailynewshungary.com\/de\/wp-json\/wp\/v2\/media?parent=756811"}],"wp:term":[{"taxonomy":"category","embeddable":true,"href":"https:\/\/dailynewshungary.com\/de\/wp-json\/wp\/v2\/categories?post=756811"},{"taxonomy":"post_tag","embeddable":true,"href":"https:\/\/dailynewshungary.com\/de\/wp-json\/wp\/v2\/tags?post=756811"}],"curies":[{"name":"wp","href":"https:\/\/api.w.org\/{rel}","templated":true}]}}