{"id":756815,"date":"2016-07-07T12:10:53","date_gmt":"2016-07-07T10:10:53","guid":{"rendered":"https:\/\/dailynewshungary.com\/de\/ungarn-bader-besucherzahlen-steigen-um-2-4-pc-in-der-ersten-jahreshalfte\/"},"modified":"2016-07-07T12:10:53","modified_gmt":"2016-07-07T10:10:53","slug":"ungarn-bader-besucherzahlen-steigen-um-2-4-pc-in-der-ersten-jahreshalfte","status":"publish","type":"post","link":"https:\/\/dailynewshungary.com\/de\/ungarn-bader-besucherzahlen-steigen-um-2-4-pc-in-der-ersten-jahreshalfte\/","title":{"rendered":"Ungarn B\u00e4der Besucherzahlen steigen um 2-4 pc in der ersten Jahresh\u00e4lfte"},"content":{"rendered":"<p><strong>Budapest, 7. Juli (MTI) (Die Besucherzahlen in den ungarischen B\u00e4dern stiegen im ersten Halbjahr im Vergleich zum gleichen Zeitraum im Jahr 2015 um durchschnittlich 2-4 Prozent, teilte die Tageszeitung Magyar Id.k am Donnerstag mit.<\/strong><\/p>\n<p>Badeveranstalter erwarten im Sommer einen noch st\u00e4rkeren Anstieg und sch\u00e4tzen, dass die Einnahmen um 3 Prozent steigen k\u00f6nnten.<\/p>\n<figure id=\"attachment_73983\" aria-describedby=\"caption-attachment-73983\" style=\"width: 600px\" class=\"wp-caption aligncenter\"><img loading=\"lazy\" decoding=\"async\" class=\" wp-image-73983\" src=\"https:\/\/dailynewshungary.com\/wp-content\/uploads\/2016\/07\/D__VG20160704010-1024x683.jpg\" alt=\"Zalakaros, Ungarn\" width=\"600\" height=\"400\" srcset=\"https:\/\/contentf5.dailynewshungary.com\/wp-content\/uploads\/2016\/07\/D__VG20160704010-1024x683.jpg 1024w, https:\/\/contentf5.dailynewshungary.com\/wp-content\/uploads\/2016\/07\/D__VG20160704010-300x200.jpg 300w, https:\/\/contentf5.dailynewshungary.com\/wp-content\/uploads\/2016\/07\/D__VG20160704010-768x512.jpg 768w, https:\/\/contentf5.dailynewshungary.com\/wp-content\/uploads\/2016\/07\/D__VG20160704010-220x147.jpg 220w, https:\/\/contentf5.dailynewshungary.com\/wp-content\/uploads\/2016\/07\/D__VG20160704010-600x400.jpg 600w, https:\/\/contentf5.dailynewshungary.com\/wp-content\/uploads\/2016\/07\/D__VG20160704010-610x407.jpg 610w\" sizes=\"auto, (max-width: 600px) 100vw, 600px\"><figcaption id=\"caption-attachment-73983\" class=\"wp-caption-text\">Zalakaros, Ungarn<\/figcaption><\/figure>\n<p>Szabolcs Juh\u00e1sz, der Leiter des Ungarischen B\u00e4derverbandes, sagte der Zeitung, dass die Besucherzahlen im vergangenen Jahr dank des ungew\u00f6hnlich warmen Sommers im Vergleich zu 2014 um 11 Prozent und die Einnahmen um 20 Prozent gestiegen seien.<\/p>\n<p>Mehr als 10 Prozent der Besucher zahlen mit Sz\u00e9chenyi-Gutscheinkarten, f\u00fcgte er hinzu.<\/p>\n<p><em>Foto: MTI<\/em><\/p>\n","protected":false},"excerpt":{"rendered":"<p>Budapest, 7. Juli (MTI) (Die Besucherzahlen in den ungarischen B\u00e4dern stiegen im ersten Halbjahr im Vergleich zum gleichen Zeitraum im Jahr 2015 um durchschnittlich 2-4 Prozent, teilte die Tageszeitung Magyar Id.k am Donnerstag mit. Badeveranstalter erwarten im Sommer einen noch st\u00e4rkeren Anstieg und sch\u00e4tzen, dass die Einnahmen um 3 Prozent steigen k\u00f6nnten. Zalakaros, Ungarn Szabolcs [&hellip;]<\/p>\n","protected":false},"author":2,"featured_media":756816,"comment_status":"open","ping_status":"open","sticky":false,"template":"","format":"standard","meta":{"_acf_changed":false,"_display_image":"","footnotes":""},"categories":[1281],"tags":[1079],"class_list":["post-756815","post","type-post","status-publish","format-standard","has-post-thumbnail","hentry","category-geschaft","tag-tourismus"],"blocksy_meta":[],"acf":[],"author_username":"alk","telegram_post":"","public_post_metadata":{"breaking_news":"","important":"","csempe":"","center_tile":"","disable_thumbnail":"","target_lang":"","_featured_image_style":"","telegram_post":"","_xlat_group_id":""},"public_rank_math_data":{"title":"%title% %sep% %sitename%","description":"","focus_keyword":"","canonical_url":"","robots":"","primary_category":"1281","breadcrumb_title":"","facebook_title":"","facebook_description":"","facebook_image":"","facebook_image_id":"","twitter_title":"","twitter_description":"","twitter_image":"","twitter_image_id":"","twitter_card_type":"","twitter_use_facebook":"","advanced_robots":"","pillar_content":"","seo_score":"","contentai_score":"","rich_snippet":""},"_links":{"self":[{"href":"https:\/\/dailynewshungary.com\/de\/wp-json\/wp\/v2\/posts\/756815","targetHints":{"allow":["GET"]}}],"collection":[{"href":"https:\/\/dailynewshungary.com\/de\/wp-json\/wp\/v2\/posts"}],"about":[{"href":"https:\/\/dailynewshungary.com\/de\/wp-json\/wp\/v2\/types\/post"}],"author":[{"embeddable":true,"href":"https:\/\/dailynewshungary.com\/de\/wp-json\/wp\/v2\/users\/2"}],"replies":[{"embeddable":true,"href":"https:\/\/dailynewshungary.com\/de\/wp-json\/wp\/v2\/comments?post=756815"}],"version-history":[{"count":0,"href":"https:\/\/dailynewshungary.com\/de\/wp-json\/wp\/v2\/posts\/756815\/revisions"}],"wp:featuredmedia":[{"embeddable":true,"href":"https:\/\/dailynewshungary.com\/de\/wp-json\/wp\/v2\/media\/756816"}],"wp:attachment":[{"href":"https:\/\/dailynewshungary.com\/de\/wp-json\/wp\/v2\/media?parent=756815"}],"wp:term":[{"taxonomy":"category","embeddable":true,"href":"https:\/\/dailynewshungary.com\/de\/wp-json\/wp\/v2\/categories?post=756815"},{"taxonomy":"post_tag","embeddable":true,"href":"https:\/\/dailynewshungary.com\/de\/wp-json\/wp\/v2\/tags?post=756815"}],"curies":[{"name":"wp","href":"https:\/\/api.w.org\/{rel}","templated":true}]}}