{"id":756839,"date":"2016-07-06T15:30:55","date_gmt":"2016-07-06T13:30:55","guid":{"rendered":"https:\/\/dailynewshungary.com\/de\/jobbik-fordert-5-parteien-gesprache-uber-die-zukunft-der-eu\/"},"modified":"2016-07-06T15:30:55","modified_gmt":"2016-07-06T13:30:55","slug":"jobbik-fordert-5-parteien-gesprache-uber-die-zukunft-der-eu","status":"publish","type":"post","link":"https:\/\/dailynewshungary.com\/de\/jobbik-fordert-5-parteien-gesprache-uber-die-zukunft-der-eu\/","title":{"rendered":"Jobbik fordert 5-Parteien-Gespr\u00e4che \u00fcber die Zukunft der EU"},"content":{"rendered":"<p><strong>Budapest, 6. Juli (MTI) \u2013 Die oppositionelle Jobbik-Partei hat die ungarischen Parlamentsparteien aufgefordert, \u00fcber die Zukunft der Europ\u00e4ischen Union und die Reform des Grundvertrags des Blocks zu diskutieren.<\/strong><\/p>\n<p>Der oppositionelle Jobbik-Abgeordnete M\u00e1rton Gy\u00f6ngy\u00f6si sagte am Mittwoch auf einer Pressekonferenz, dass die Institutionen und Mitgliedstaaten der EU nach dem Brexit-Votum in einer Klemme \u00fcber die Zukunft des Blocks st\u00fcndenDas biete eine \u201cgro\u00dfe Chance\u201d, von einer f\u00f6deralistischen Konzeption Europas zu einer auf nationalen Souver\u00e4nit\u00e4ten aufgebauten zu wechseln, sagte er.<\/p>\n<p>Dies w\u00fcrde einen Personalwechsel in Br\u00fcssel und auf der Ebene der Mitgliedstaaten erfordern, argumentierte er und f\u00fcgte hinzu, dass die \u201cElite des 20. Jahrhunderts gegen Vertreter des 21. Jahrhunderts ausgetauscht werden m\u00fcsse\u201d.<\/p>\n<p>Er sagte, die aktuellen Ideen der Br\u00fcsseler Elite seien bankrott und den Anforderungen der Bew\u00e4ltigung der sozialen, politischen, demografischen und finanz\u00f6konomischen Krisen des Kontinents nicht gewachsen.<\/p>\n","protected":false},"excerpt":{"rendered":"<p>Budapest, 6. Juli (MTI) \u2013 Die oppositionelle Jobbik-Partei hat die ungarischen Parlamentsparteien aufgefordert, \u00fcber die Zukunft der Europ\u00e4ischen Union und die Reform des Grundvertrags des Blocks zu diskutieren. Der oppositionelle Jobbik-Abgeordnete M\u00e1rton Gy\u00f6ngy\u00f6si sagte am Mittwoch auf einer Pressekonferenz, dass die Institutionen und Mitgliedstaaten der EU nach dem Brexit-Votum in einer Klemme \u00fcber die Zukunft [&hellip;]<\/p>\n","protected":false},"author":2,"featured_media":756840,"comment_status":"open","ping_status":"open","sticky":false,"template":"","format":"standard","meta":{"_acf_changed":false,"_display_image":"","footnotes":""},"categories":[1081],"tags":[1082,1632,1658],"class_list":["post-756839","post","type-post","status-publish","format-standard","has-post-thumbnail","hentry","category-politik","tag-europaische-union","tag-jobbik","tag-parlament"],"blocksy_meta":[],"acf":[],"author_username":"alk","telegram_post":"","public_post_metadata":{"breaking_news":"","important":"","csempe":"","center_tile":"","disable_thumbnail":"","target_lang":"","_featured_image_style":"","telegram_post":"","_xlat_group_id":""},"public_rank_math_data":{"title":"%title% %sep% %sitename%","description":"","focus_keyword":"","canonical_url":"","robots":"","primary_category":"1081","breadcrumb_title":"","facebook_title":"","facebook_description":"","facebook_image":"","facebook_image_id":"","twitter_title":"","twitter_description":"","twitter_image":"","twitter_image_id":"","twitter_card_type":"","twitter_use_facebook":"","advanced_robots":"","pillar_content":"","seo_score":"","contentai_score":"","rich_snippet":""},"_links":{"self":[{"href":"https:\/\/dailynewshungary.com\/de\/wp-json\/wp\/v2\/posts\/756839","targetHints":{"allow":["GET"]}}],"collection":[{"href":"https:\/\/dailynewshungary.com\/de\/wp-json\/wp\/v2\/posts"}],"about":[{"href":"https:\/\/dailynewshungary.com\/de\/wp-json\/wp\/v2\/types\/post"}],"author":[{"embeddable":true,"href":"https:\/\/dailynewshungary.com\/de\/wp-json\/wp\/v2\/users\/2"}],"replies":[{"embeddable":true,"href":"https:\/\/dailynewshungary.com\/de\/wp-json\/wp\/v2\/comments?post=756839"}],"version-history":[{"count":0,"href":"https:\/\/dailynewshungary.com\/de\/wp-json\/wp\/v2\/posts\/756839\/revisions"}],"wp:featuredmedia":[{"embeddable":true,"href":"https:\/\/dailynewshungary.com\/de\/wp-json\/wp\/v2\/media\/756840"}],"wp:attachment":[{"href":"https:\/\/dailynewshungary.com\/de\/wp-json\/wp\/v2\/media?parent=756839"}],"wp:term":[{"taxonomy":"category","embeddable":true,"href":"https:\/\/dailynewshungary.com\/de\/wp-json\/wp\/v2\/categories?post=756839"},{"taxonomy":"post_tag","embeddable":true,"href":"https:\/\/dailynewshungary.com\/de\/wp-json\/wp\/v2\/tags?post=756839"}],"curies":[{"name":"wp","href":"https:\/\/api.w.org\/{rel}","templated":true}]}}