{"id":756873,"date":"2016-07-05T13:22:35","date_gmt":"2016-07-05T11:22:35","guid":{"rendered":"https:\/\/dailynewshungary.com\/de\/orban-trifft-internationalen-triathlon-chef\/"},"modified":"2016-07-05T13:22:35","modified_gmt":"2016-07-05T11:22:35","slug":"orban-trifft-internationalen-triathlon-chef","status":"publish","type":"post","link":"https:\/\/dailynewshungary.com\/de\/orban-trifft-internationalen-triathlon-chef\/","title":{"rendered":"Orb\u00e1n trifft internationalen Triathlon-Chef"},"content":{"rendered":"<p><strong>Budapest, 5. Juli (MTI) \u2013 Premierminister Viktor Orb\u00e1n empfing am Dienstag Marisol Casado, Leiterin der Internationalen Triathlon-Union, zu Gespr\u00e4chen in Budapest.<\/strong><\/p>\n<p>An dem Treffen, das an diesem Wochenende im Vorfeld eines Triathlon-Weltcup-Wettbewerbs im ostungarischen Tisza\u00fajv\u00e1ros stattfand, nahmen P\u00e1l Schmitt, Ehrenpr\u00e4sidentin des Ungarischen Olympischen Komitees, B\u00e9la B\u00e1torfi, Leiterin der Ungarischen Triathlon-Union, sowie Regierungskommissar Bal\u00e1zs F\u00fcrjes teil, berichtete die Pressestelle des Premierministers.<\/p>\n<p>Die Parteien bei den Gespr\u00e4chen \u00e4u\u00dferten ihre Zufriedenheit \u00fcber \u201eeine zunehmende ungarische Pr\u00e4senz\u201cbei internationalen Triathlon-Veranstaltungen.<\/p>\n","protected":false},"excerpt":{"rendered":"<p>Budapest, 5. Juli (MTI) \u2013 Premierminister Viktor Orb\u00e1n empfing am Dienstag Marisol Casado, Leiterin der Internationalen Triathlon-Union, zu Gespr\u00e4chen in Budapest. An dem Treffen, das an diesem Wochenende im Vorfeld eines Triathlon-Weltcup-Wettbewerbs im ostungarischen Tisza\u00fajv\u00e1ros stattfand, nahmen P\u00e1l Schmitt, Ehrenpr\u00e4sidentin des Ungarischen Olympischen Komitees, B\u00e9la B\u00e1torfi, Leiterin der Ungarischen Triathlon-Union, sowie Regierungskommissar Bal\u00e1zs F\u00fcrjes teil, [&hellip;]<\/p>\n","protected":false},"author":2,"featured_media":756874,"comment_status":"open","ping_status":"open","sticky":false,"template":"","format":"standard","meta":{"_acf_changed":false,"_display_image":"","footnotes":""},"categories":[1219],"tags":[1128],"class_list":["post-756873","post","type-post","status-publish","format-standard","has-post-thumbnail","hentry","category-sport","tag-viktor-orban"],"blocksy_meta":[],"acf":[],"author_username":"alk","telegram_post":"","public_post_metadata":{"breaking_news":"","important":"","csempe":"","center_tile":"","disable_thumbnail":"","target_lang":"","_featured_image_style":"","telegram_post":"","_xlat_group_id":""},"public_rank_math_data":{"title":"%title% %sep% %sitename%","description":"","focus_keyword":"","canonical_url":"","robots":"","primary_category":"1219","breadcrumb_title":"","facebook_title":"","facebook_description":"","facebook_image":"","facebook_image_id":"","twitter_title":"","twitter_description":"","twitter_image":"","twitter_image_id":"","twitter_card_type":"","twitter_use_facebook":"","advanced_robots":"","pillar_content":"","seo_score":"","contentai_score":"","rich_snippet":""},"_links":{"self":[{"href":"https:\/\/dailynewshungary.com\/de\/wp-json\/wp\/v2\/posts\/756873","targetHints":{"allow":["GET"]}}],"collection":[{"href":"https:\/\/dailynewshungary.com\/de\/wp-json\/wp\/v2\/posts"}],"about":[{"href":"https:\/\/dailynewshungary.com\/de\/wp-json\/wp\/v2\/types\/post"}],"author":[{"embeddable":true,"href":"https:\/\/dailynewshungary.com\/de\/wp-json\/wp\/v2\/users\/2"}],"replies":[{"embeddable":true,"href":"https:\/\/dailynewshungary.com\/de\/wp-json\/wp\/v2\/comments?post=756873"}],"version-history":[{"count":0,"href":"https:\/\/dailynewshungary.com\/de\/wp-json\/wp\/v2\/posts\/756873\/revisions"}],"wp:featuredmedia":[{"embeddable":true,"href":"https:\/\/dailynewshungary.com\/de\/wp-json\/wp\/v2\/media\/756874"}],"wp:attachment":[{"href":"https:\/\/dailynewshungary.com\/de\/wp-json\/wp\/v2\/media?parent=756873"}],"wp:term":[{"taxonomy":"category","embeddable":true,"href":"https:\/\/dailynewshungary.com\/de\/wp-json\/wp\/v2\/categories?post=756873"},{"taxonomy":"post_tag","embeddable":true,"href":"https:\/\/dailynewshungary.com\/de\/wp-json\/wp\/v2\/tags?post=756873"}],"curies":[{"name":"wp","href":"https:\/\/api.w.org\/{rel}","templated":true}]}}