{"id":756916,"date":"2016-07-03T19:44:09","date_gmt":"2016-07-03T17:44:09","guid":{"rendered":"https:\/\/dailynewshungary.com\/de\/ungarischer-ausenminister-fordert-ende-der-europaischen-migrationspolitik\/"},"modified":"2016-07-03T19:44:09","modified_gmt":"2016-07-03T17:44:09","slug":"ungarischer-ausenminister-fordert-ende-der-europaischen-migrationspolitik","status":"publish","type":"post","link":"https:\/\/dailynewshungary.com\/de\/ungarischer-ausenminister-fordert-ende-der-europaischen-migrationspolitik\/","title":{"rendered":"Ungarischer Au\u00dfenminister fordert Ende der europ\u00e4ischen Migrationspolitik"},"content":{"rendered":"<p><strong>Budapest, 3. Juli (MTI) \u2013 Au\u00dfenminister P\u00e9ter Szijj\u00e1rt\u00f3 hat gefordert, der \u201caggressiven\u201d Migrationspolitik der Europ\u00e4ischen Union ein Ende zu setzen, die seiner Meinung nach \u201cgegen den Willen der Europ\u00e4er\u201d sei.<\/strong><\/p>\n<p>\u201cBr\u00fcssel muss gestoppt werden\u201d, sagte Szijj\u00e1rt\u00f3 in einem Interview, das am Sonntagmorgen im \u00f6ffentlich-rechtlichen Kossuth Radio ausgestrahlt wurde.<\/p>\n<p>Szijj\u00e1rt\u00f3 bestand darauf, dass die politischen F\u00fchrer Europas die \u00f6ffentliche Meinung missachteten und dagegen handelten, was, wie er vorschlug, die Gemeinschaft \u201cbis zum \u00c4u\u00dfersten\u201d schw\u00e4chen k\u00f6nnte.<\/p>\n<p>Die \u201cun\u00fcberlegte\u201d Migrationspolitik der EU gef\u00e4hrde nun die Einheit, da \u201cdas britische Referendum offensichtlich von dieser Politik beeinflusst wurde\u201d und ein \u201cunerw\u00fcnschtes\u201d Ergebnis lieferte, sagte Szijj\u00e1rt\u00f3.<\/p>\n<p>Das Brexit-Referendum habe den Kontinent \u201cersch\u00fcttert\u201d, aber dieser Schock sollte auch die Gemeinschaft und ihre Institutionen dar\u00fcber aufr\u00fctteln, dass die Politik der EU und insbesondere die, die Migration betrifft, nicht fortgesetzt werden kann, sagte der Minister.<\/p>\n<p>Bez\u00fcglich des bevorstehenden Referendums Ungarns \u00fcber die Migrantenquoten wiederholte Szijj\u00e1rt\u00f3 den Standpunkt der Regierung, dass es sich um ein so wichtiges Thema handele, dass die W\u00e4hler konsultiert werden m\u00fcssten.<\/p>\n<p>Unter Bezugnahme auf Vorschl\u00e4ge des US-Finanziers George Soros zur Migration sagte Szijj\u00e1rt\u00f3, es sei \u201centsetzlich\u201d, dass ein Gesch\u00e4ftsmann vorschlagen sollte, \u201edie EU-Institutionen sollten die Mittel von Europ\u00e4ern, dar\u00fcber hinaus Mitteleurop\u00e4ern, k\u00fcrzen, um illegale Einwanderer in die EU zu finanzieren.\u201c\u201d Die Umsetzung dieser Vorschl\u00e4ge w\u00fcrde Ungarn Milliarden Euro entziehen, bestand Szijj\u00e1rt\u00f3 und f\u00fcgte hinzu \u201eNein, danke\u201d. Mitteleuropa werde einen Vorschlag nicht akzeptieren, nach dem \u201edie auf uns ausgerichteten Mittel gek\u00fcrzt werden sollten\u201d, \u201eum illegale Migranten zu finanzieren\u201d, sagte er dem Radio.<\/p>\n<p><em>Foto: MTI<\/em><\/p>\n","protected":false},"excerpt":{"rendered":"<p>Budapest, 3. Juli (MTI) \u2013 Au\u00dfenminister P\u00e9ter Szijj\u00e1rt\u00f3 hat gefordert, der \u201caggressiven\u201d Migrationspolitik der Europ\u00e4ischen Union ein Ende zu setzen, die seiner Meinung nach \u201cgegen den Willen der Europ\u00e4er\u201d sei. \u201cBr\u00fcssel muss gestoppt werden\u201d, sagte Szijj\u00e1rt\u00f3 in einem Interview, das am Sonntagmorgen im \u00f6ffentlich-rechtlichen Kossuth Radio ausgestrahlt wurde. Szijj\u00e1rt\u00f3 bestand darauf, dass die politischen F\u00fchrer [&hellip;]<\/p>\n","protected":false},"author":2,"featured_media":756917,"comment_status":"open","ping_status":"open","sticky":false,"template":"","format":"standard","meta":{"_acf_changed":false,"_display_image":"","footnotes":""},"categories":[1081],"tags":[1470,1082,1445],"class_list":["post-756916","post","type-post","status-publish","format-standard","has-post-thumbnail","hentry","category-politik","tag-ausenministerium-fur-ungarn","tag-europaische-union","tag-migration"],"blocksy_meta":[],"acf":[],"author_username":"alk","telegram_post":"","public_post_metadata":{"breaking_news":"","important":"","csempe":"","center_tile":"","disable_thumbnail":"","target_lang":"","_featured_image_style":"","telegram_post":"","_xlat_group_id":""},"public_rank_math_data":{"title":"%title% %sep% %sitename%","description":"","focus_keyword":"","canonical_url":"","robots":"","primary_category":"1081","breadcrumb_title":"","facebook_title":"","facebook_description":"","facebook_image":"","facebook_image_id":"","twitter_title":"","twitter_description":"","twitter_image":"","twitter_image_id":"","twitter_card_type":"","twitter_use_facebook":"","advanced_robots":"","pillar_content":"","seo_score":"","contentai_score":"","rich_snippet":""},"_links":{"self":[{"href":"https:\/\/dailynewshungary.com\/de\/wp-json\/wp\/v2\/posts\/756916","targetHints":{"allow":["GET"]}}],"collection":[{"href":"https:\/\/dailynewshungary.com\/de\/wp-json\/wp\/v2\/posts"}],"about":[{"href":"https:\/\/dailynewshungary.com\/de\/wp-json\/wp\/v2\/types\/post"}],"author":[{"embeddable":true,"href":"https:\/\/dailynewshungary.com\/de\/wp-json\/wp\/v2\/users\/2"}],"replies":[{"embeddable":true,"href":"https:\/\/dailynewshungary.com\/de\/wp-json\/wp\/v2\/comments?post=756916"}],"version-history":[{"count":0,"href":"https:\/\/dailynewshungary.com\/de\/wp-json\/wp\/v2\/posts\/756916\/revisions"}],"wp:featuredmedia":[{"embeddable":true,"href":"https:\/\/dailynewshungary.com\/de\/wp-json\/wp\/v2\/media\/756917"}],"wp:attachment":[{"href":"https:\/\/dailynewshungary.com\/de\/wp-json\/wp\/v2\/media?parent=756916"}],"wp:term":[{"taxonomy":"category","embeddable":true,"href":"https:\/\/dailynewshungary.com\/de\/wp-json\/wp\/v2\/categories?post=756916"},{"taxonomy":"post_tag","embeddable":true,"href":"https:\/\/dailynewshungary.com\/de\/wp-json\/wp\/v2\/tags?post=756916"}],"curies":[{"name":"wp","href":"https:\/\/api.w.org\/{rel}","templated":true}]}}