{"id":756930,"date":"2016-07-03T09:15:02","date_gmt":"2016-07-03T07:15:02","guid":{"rendered":"https:\/\/dailynewshungary.com\/de\/ungarn-soll-in-der-eu-bleiben-sagt-hausredner\/"},"modified":"2016-07-03T09:15:02","modified_gmt":"2016-07-03T07:15:02","slug":"ungarn-soll-in-der-eu-bleiben-sagt-hausredner","status":"publish","type":"post","link":"https:\/\/dailynewshungary.com\/de\/ungarn-soll-in-der-eu-bleiben-sagt-hausredner\/","title":{"rendered":"Ungarn soll in der EU bleiben, sagt Hausredner"},"content":{"rendered":"<p><strong>Budapest (MTI) \u201eDie Mitgliedschaft in der Europ\u00e4ischen Union bringt Vorteile f\u00fcr Ungarn mit sich und das Land sollte den Block nicht verlassen, nur weil er nicht richtig funktioniert, sagte der Sprecher des ungarischen Parlaments in einem Interview, das am Samstag in der Tageszeitung Magyar H\u00edrlap ver\u00f6ffentlicht wurde.<\/strong><\/p>\n<p>Es sollten jedoch Anstrengungen unternommen werden, die EU zu \u00e4ndern, sagte L\u00e1szl\u00f3 K\u00f6v\u00e9r dem Papier.<\/p>\n<p>Die EU biete den Mitgliedstaaten derzeit \u201cden vorteilhaftesten Rahmen\u201d f\u00fcr die Durchsetzung nationaler Interessen, sagte K\u00f6v\u00e9r und f\u00fcgte hinzu, dass Ungarn als Mitglied mehr M\u00f6glichkeiten habe, als es au\u00dferhalb der Gemeinschaft h\u00e4tte.<\/p>\n<p>\u201cAber die Staats- und Regierungschefs der EU haben nicht erkannt, dass auf der Ebene der als System agierenden Gemeinschaft Probleme aufgetreten sind\u201d, sagte K\u00f6v\u00e9r \u201eWas die W\u00e4hler in den Mitgliedstaaten sehen, ist, dass Entscheidungen \u00fcber ihre K\u00f6pfe hinweg getroffen werden, weit weg in Br\u00fcssel,\u201csagte K\u00f6v\u00e9r dem Papier.<\/p>\n<p>K\u00f6v\u00e9r kommentierte die Entscheidung des Vereinigten K\u00f6nigreichs, die EU zu verlassen, und sagte, dass die Schuld f\u00fcr \u201eden Fehler\u201callein der EU zugeschrieben werden k\u00f6nne, die von moralisch und politisch gescheiterten Politikern gef\u00fchrt werde, die die Verantwortung f\u00fcr alles immer auf jemand anderen abw\u00e4lzen.<\/p>\n<p><em>Foto: MTI<\/em><\/p>\n","protected":false},"excerpt":{"rendered":"<p>Budapest (MTI) \u201eDie Mitgliedschaft in der Europ\u00e4ischen Union bringt Vorteile f\u00fcr Ungarn mit sich und das Land sollte den Block nicht verlassen, nur weil er nicht richtig funktioniert, sagte der Sprecher des ungarischen Parlaments in einem Interview, das am Samstag in der Tageszeitung Magyar H\u00edrlap ver\u00f6ffentlicht wurde. Es sollten jedoch Anstrengungen unternommen werden, die EU [&hellip;]<\/p>\n","protected":false},"author":2,"featured_media":756931,"comment_status":"open","ping_status":"open","sticky":false,"template":"","format":"standard","meta":{"_acf_changed":false,"_display_image":"","footnotes":""},"categories":[1081],"tags":[1082,1746],"class_list":["post-756930","post","type-post","status-publish","format-standard","has-post-thumbnail","hentry","category-politik","tag-europaische-union","tag-hausredner"],"blocksy_meta":[],"acf":[],"author_username":"alk","telegram_post":"","public_post_metadata":{"breaking_news":"","important":"","csempe":"","center_tile":"","disable_thumbnail":"","target_lang":"","_featured_image_style":"","telegram_post":"","_xlat_group_id":""},"public_rank_math_data":{"title":"%title% %sep% %sitename%","description":"","focus_keyword":"","canonical_url":"","robots":"","primary_category":"1081","breadcrumb_title":"","facebook_title":"","facebook_description":"","facebook_image":"","facebook_image_id":"","twitter_title":"","twitter_description":"","twitter_image":"","twitter_image_id":"","twitter_card_type":"","twitter_use_facebook":"","advanced_robots":"","pillar_content":"","seo_score":"","contentai_score":"","rich_snippet":""},"_links":{"self":[{"href":"https:\/\/dailynewshungary.com\/de\/wp-json\/wp\/v2\/posts\/756930","targetHints":{"allow":["GET"]}}],"collection":[{"href":"https:\/\/dailynewshungary.com\/de\/wp-json\/wp\/v2\/posts"}],"about":[{"href":"https:\/\/dailynewshungary.com\/de\/wp-json\/wp\/v2\/types\/post"}],"author":[{"embeddable":true,"href":"https:\/\/dailynewshungary.com\/de\/wp-json\/wp\/v2\/users\/2"}],"replies":[{"embeddable":true,"href":"https:\/\/dailynewshungary.com\/de\/wp-json\/wp\/v2\/comments?post=756930"}],"version-history":[{"count":0,"href":"https:\/\/dailynewshungary.com\/de\/wp-json\/wp\/v2\/posts\/756930\/revisions"}],"wp:featuredmedia":[{"embeddable":true,"href":"https:\/\/dailynewshungary.com\/de\/wp-json\/wp\/v2\/media\/756931"}],"wp:attachment":[{"href":"https:\/\/dailynewshungary.com\/de\/wp-json\/wp\/v2\/media?parent=756930"}],"wp:term":[{"taxonomy":"category","embeddable":true,"href":"https:\/\/dailynewshungary.com\/de\/wp-json\/wp\/v2\/categories?post=756930"},{"taxonomy":"post_tag","embeddable":true,"href":"https:\/\/dailynewshungary.com\/de\/wp-json\/wp\/v2\/tags?post=756930"}],"curies":[{"name":"wp","href":"https:\/\/api.w.org\/{rel}","templated":true}]}}