{"id":756947,"date":"2016-07-02T14:00:22","date_gmt":"2016-07-02T12:00:22","guid":{"rendered":"https:\/\/dailynewshungary.com\/de\/jobbik-eu-ungarn-trifft-beide-schuld-am-scheitern-der-mitgliedschaft-des-landes\/"},"modified":"2016-07-02T14:00:22","modified_gmt":"2016-07-02T12:00:22","slug":"jobbik-eu-ungarn-trifft-beide-schuld-am-scheitern-der-mitgliedschaft-des-landes","status":"publish","type":"post","link":"https:\/\/dailynewshungary.com\/de\/jobbik-eu-ungarn-trifft-beide-schuld-am-scheitern-der-mitgliedschaft-des-landes\/","title":{"rendered":"Jobbik: EU, Ungarn trifft beide Schuld am Scheitern der Mitgliedschaft des Landes"},"content":{"rendered":"<p><strong>Budapest (MTI) \u201cAmateurhafte, inkompetente\u201d F\u00fchrung der Europ\u00e4ischen Union und fr\u00fchere Regierungen Ungarns sind alle schuld daran, dass die EU-Mitgliedschaft des Landes seit seinem Beitritt zum Block vor zw\u00f6lf Jahren gescheitert ist, sagte ein Jobbik-Abgeordneter am Freitag.<\/strong><\/p>\n<p>M\u00e1rton Gy\u00f6ngy\u00f6si sagte in einer Erkl\u00e4rung, dass die Regierungspartei Fidesz in ihrem Verh\u00e4ltnis zur EU \u201ceine Kehrtwende vollzogen\u201d habe.<\/p>\n<p>Er sagte, dass Fidesz-Politiker seit Beginn der Mitgliedschaft Ungarns stets \u201cdie Diktate Br\u00fcssels durchgef\u00fchrt\u201d h\u00e4tten, und verwies dabei auf die Unterst\u00fctzung von Fidesz f\u00fcr den Vertrag von Lissabon, Verfassungs\u00e4nderungen und die Umsetzung von Sparma\u00dfnahmen als Beispiele.<\/p>\n<p>EU-Trends zeigen, dass politische Gruppen, die den Block radikal reformieren wollen, wie Jobbik, an Popularit\u00e4t gewinnen, sagte Gy\u00f6ngy\u00f6si.<\/p>\n<p>Er schlug ein Referendum \u00fcber die Neuverhandlung des EU-Vertrags vor, um sicherzustellen, dass dieser den Interessen Ungarns dient.<\/p>\n","protected":false},"excerpt":{"rendered":"<p>Budapest (MTI) \u201cAmateurhafte, inkompetente\u201d F\u00fchrung der Europ\u00e4ischen Union und fr\u00fchere Regierungen Ungarns sind alle schuld daran, dass die EU-Mitgliedschaft des Landes seit seinem Beitritt zum Block vor zw\u00f6lf Jahren gescheitert ist, sagte ein Jobbik-Abgeordneter am Freitag. M\u00e1rton Gy\u00f6ngy\u00f6si sagte in einer Erkl\u00e4rung, dass die Regierungspartei Fidesz in ihrem Verh\u00e4ltnis zur EU \u201ceine Kehrtwende vollzogen\u201d habe. [&hellip;]<\/p>\n","protected":false},"author":2,"featured_media":756948,"comment_status":"open","ping_status":"open","sticky":false,"template":"","format":"standard","meta":{"_acf_changed":false,"_display_image":"","footnotes":""},"categories":[1081],"tags":[1082,1632],"class_list":["post-756947","post","type-post","status-publish","format-standard","has-post-thumbnail","hentry","category-politik","tag-europaische-union","tag-jobbik"],"blocksy_meta":[],"acf":[],"author_username":"alk","telegram_post":"","public_post_metadata":{"breaking_news":"","important":"","csempe":"","center_tile":"","disable_thumbnail":"","target_lang":"","_featured_image_style":"","telegram_post":"","_xlat_group_id":""},"public_rank_math_data":{"title":"%title% %sep% %sitename%","description":"","focus_keyword":"","canonical_url":"","robots":"","primary_category":"1081","breadcrumb_title":"","facebook_title":"","facebook_description":"","facebook_image":"","facebook_image_id":"","twitter_title":"","twitter_description":"","twitter_image":"","twitter_image_id":"","twitter_card_type":"","twitter_use_facebook":"","advanced_robots":"","pillar_content":"","seo_score":"","contentai_score":"","rich_snippet":""},"_links":{"self":[{"href":"https:\/\/dailynewshungary.com\/de\/wp-json\/wp\/v2\/posts\/756947","targetHints":{"allow":["GET"]}}],"collection":[{"href":"https:\/\/dailynewshungary.com\/de\/wp-json\/wp\/v2\/posts"}],"about":[{"href":"https:\/\/dailynewshungary.com\/de\/wp-json\/wp\/v2\/types\/post"}],"author":[{"embeddable":true,"href":"https:\/\/dailynewshungary.com\/de\/wp-json\/wp\/v2\/users\/2"}],"replies":[{"embeddable":true,"href":"https:\/\/dailynewshungary.com\/de\/wp-json\/wp\/v2\/comments?post=756947"}],"version-history":[{"count":0,"href":"https:\/\/dailynewshungary.com\/de\/wp-json\/wp\/v2\/posts\/756947\/revisions"}],"wp:featuredmedia":[{"embeddable":true,"href":"https:\/\/dailynewshungary.com\/de\/wp-json\/wp\/v2\/media\/756948"}],"wp:attachment":[{"href":"https:\/\/dailynewshungary.com\/de\/wp-json\/wp\/v2\/media?parent=756947"}],"wp:term":[{"taxonomy":"category","embeddable":true,"href":"https:\/\/dailynewshungary.com\/de\/wp-json\/wp\/v2\/categories?post=756947"},{"taxonomy":"post_tag","embeddable":true,"href":"https:\/\/dailynewshungary.com\/de\/wp-json\/wp\/v2\/tags?post=756947"}],"curies":[{"name":"wp","href":"https:\/\/api.w.org\/{rel}","templated":true}]}}