{"id":756960,"date":"2016-07-01T19:30:10","date_gmt":"2016-07-01T17:30:10","guid":{"rendered":"https:\/\/dailynewshungary.com\/de\/regierung-kritik-an-eu-institutionen-nicht-eu-feindlich\/"},"modified":"2016-07-01T19:30:10","modified_gmt":"2016-07-01T17:30:10","slug":"regierung-kritik-an-eu-institutionen-nicht-eu-feindlich","status":"publish","type":"post","link":"https:\/\/dailynewshungary.com\/de\/regierung-kritik-an-eu-institutionen-nicht-eu-feindlich\/","title":{"rendered":"Regierung: Kritik an EU-Institutionen nicht EU-feindlich"},"content":{"rendered":"<p>&nbsp;<\/p>\n<p><strong>Budapest, 1. Juli (MTI) (Die Kritik der ungarischen Regierung an den Institutionen der Europ\u00e4ischen Union spiegelt keine EU-feindliche Haltung wider, sagte Regierungssprecher Zolt\u00e1n Kov\u00e1cs am Freitag.<\/strong><\/p>\n<p>\u201cNur weil wir das europ\u00e4ische institutionelle System kritisieren, bedeutet das nicht, dass wir EU-feindlich sind. \u201eWir w\u00fcrden uns eigentlich w\u00fcnschen, dass Europa in die richtige Richtung geht und stark wird,\u201d, sagte Kov\u00e1cs dem \u00f6ffentlichen Nachrichtensender M1.<\/p>\n<p>Er sagte, dies sei von Anfang an auf der Grundlage eines Kompromisses mit den Mitgliedstaaten und nicht auf der Grundlage von Br\u00fcsseler Diktaten m\u00f6glich.<\/p>\n<p>Kov\u00e1cs \u00e4u\u00dferte sich zu den Reaktionen der Opposition auf \u00c4u\u00dferungen des Leiters des Regierungsb\u00fcros, J\u00e1nos L\u00e1z\u00e1r, der gestern in einer Regierungsbriefing sagte, dass seine Unterst\u00fctzung f\u00fcr die EU-Mitgliedschaft Ungarns nach dem britischen Votum f\u00fcr den Austritt aus dem Block nicht mehr voll und ganz sei Als Reaktion darauf forderten Oppositionsparteien L\u00e1z\u00e1r zum R\u00fccktritt auf, da er in seinen Kommentaren Zweifel an der k\u00fcnftigen EU-Mitgliedschaft Ungarns ge\u00e4u\u00dfert hatte.<\/p>\n<p>Kov\u00e1cs sagte: \u201eMan kann hysterisch auf \u00c4u\u00dferungen reagieren, anstatt sich die wahre Botschaft und ihre Gr\u00fcnde anzusehen&#8230;\u201c\u201d Der Brexit sei das Ergebnis der schlechten Migrationspolitik Br\u00fcssels sowie seiner Differenzen in vielen wirtschaftlichen und anderen Fragen mit der britischen \u00d6ffentlichkeit, f\u00fcgte er hinzu.<\/p>\n<p>Die Behauptung der Opposition, Ungarn plane einen \u00e4hnlichen Schritt, sei \u201csil\u201d, sagte er dem \u00f6ffentlich-rechtlichen Radio Kossuth.<\/p>\n","protected":false},"excerpt":{"rendered":"<p>&nbsp; Budapest, 1. Juli (MTI) (Die Kritik der ungarischen Regierung an den Institutionen der Europ\u00e4ischen Union spiegelt keine EU-feindliche Haltung wider, sagte Regierungssprecher Zolt\u00e1n Kov\u00e1cs am Freitag. \u201cNur weil wir das europ\u00e4ische institutionelle System kritisieren, bedeutet das nicht, dass wir EU-feindlich sind. \u201eWir w\u00fcrden uns eigentlich w\u00fcnschen, dass Europa in die richtige Richtung geht und [&hellip;]<\/p>\n","protected":false},"author":2,"featured_media":756961,"comment_status":"open","ping_status":"open","sticky":false,"template":"","format":"standard","meta":{"_acf_changed":false,"_display_image":"","footnotes":""},"categories":[1081],"tags":[1082],"class_list":["post-756960","post","type-post","status-publish","format-standard","has-post-thumbnail","hentry","category-politik","tag-europaische-union"],"blocksy_meta":[],"acf":[],"author_username":"alk","telegram_post":"","public_post_metadata":{"breaking_news":"","important":"","csempe":"","center_tile":"","disable_thumbnail":"","target_lang":"","_featured_image_style":"","telegram_post":"","_xlat_group_id":""},"public_rank_math_data":{"title":"%title% %sep% %sitename%","description":"","focus_keyword":"","canonical_url":"","robots":"","primary_category":"1081","breadcrumb_title":"","facebook_title":"","facebook_description":"","facebook_image":"","facebook_image_id":"","twitter_title":"","twitter_description":"","twitter_image":"","twitter_image_id":"","twitter_card_type":"","twitter_use_facebook":"","advanced_robots":"","pillar_content":"","seo_score":"","contentai_score":"","rich_snippet":""},"_links":{"self":[{"href":"https:\/\/dailynewshungary.com\/de\/wp-json\/wp\/v2\/posts\/756960","targetHints":{"allow":["GET"]}}],"collection":[{"href":"https:\/\/dailynewshungary.com\/de\/wp-json\/wp\/v2\/posts"}],"about":[{"href":"https:\/\/dailynewshungary.com\/de\/wp-json\/wp\/v2\/types\/post"}],"author":[{"embeddable":true,"href":"https:\/\/dailynewshungary.com\/de\/wp-json\/wp\/v2\/users\/2"}],"replies":[{"embeddable":true,"href":"https:\/\/dailynewshungary.com\/de\/wp-json\/wp\/v2\/comments?post=756960"}],"version-history":[{"count":0,"href":"https:\/\/dailynewshungary.com\/de\/wp-json\/wp\/v2\/posts\/756960\/revisions"}],"wp:featuredmedia":[{"embeddable":true,"href":"https:\/\/dailynewshungary.com\/de\/wp-json\/wp\/v2\/media\/756961"}],"wp:attachment":[{"href":"https:\/\/dailynewshungary.com\/de\/wp-json\/wp\/v2\/media?parent=756960"}],"wp:term":[{"taxonomy":"category","embeddable":true,"href":"https:\/\/dailynewshungary.com\/de\/wp-json\/wp\/v2\/categories?post=756960"},{"taxonomy":"post_tag","embeddable":true,"href":"https:\/\/dailynewshungary.com\/de\/wp-json\/wp\/v2\/tags?post=756960"}],"curies":[{"name":"wp","href":"https:\/\/api.w.org\/{rel}","templated":true}]}}