{"id":756972,"date":"2016-07-01T13:10:45","date_gmt":"2016-07-01T11:10:45","guid":{"rendered":"https:\/\/dailynewshungary.com\/de\/oppositionsparteien-fordern-lazar-wegen-euroskeptischer-auserungen-zum-rucktritt-auf\/"},"modified":"2016-07-01T13:10:45","modified_gmt":"2016-07-01T11:10:45","slug":"oppositionsparteien-fordern-lazar-wegen-euroskeptischer-auserungen-zum-rucktritt-auf","status":"publish","type":"post","link":"https:\/\/dailynewshungary.com\/de\/oppositionsparteien-fordern-lazar-wegen-euroskeptischer-auserungen-zum-rucktritt-auf\/","title":{"rendered":"Oppositionsparteien fordern L\u00e1z\u00e1r wegen euroskeptischer \u00c4u\u00dferungen zum R\u00fccktritt auf"},"content":{"rendered":"<p><strong>Budapest, 1. Juli (MTI) \u2013 Der Leiter des Regierungsb\u00fcros, J\u00e1nos L\u00e1z\u00e1r, sollte zur\u00fccktreten, da er in seinen Kommentaren Zweifel an der k\u00fcnftigen Mitgliedschaft Ungarns in der Europ\u00e4ischen Union ge\u00e4u\u00dfert hatte, hie\u00df es am Freitag im Oppositionsdialog f\u00fcr Ungarn und die liberalen Parteien.<\/strong><\/p>\n<p>L\u00e1z\u00e1r teilte gestern in einer Regierungsbesprechung mit, dass seine Unterst\u00fctzung f\u00fcr die EU-Mitgliedschaft Ungarns nach dem britischen Votum f\u00fcr den Austritt aus der Union nicht mehr voll und ganz sei.<\/p>\n<p><iframe loading=\"lazy\" style=\"border: none; overflow: hidden;\" src=\"https:\/\/www.facebook.com\/plugins\/post.php?href=https%3A%2F%2Fwww.facebook.com%2Fdailynewshungary%2Fposts%2F1043058172396420&amp;width=500\" width=\"500\" height=\"527\" frameborder=\"0\" scrolling=\"no\"><\/iframe><\/p>\n<p>Ein Regierungsmitglied, das Ungarns Zukunft in der EU nicht sieht, sollte nicht f\u00fcr die Verteilung von EU-Mitteln zust\u00e4ndig sein, erkl\u00e4rten die Liberalen in einer Erkl\u00e4rungUngarn hatte 2007-2013 Zugang zu 9.200 Milliarden Forint (30 Mrd. EUR) EU-F\u00f6rdermitteln und kann nun bis 2020 12.000 Milliarden Forint erschlie\u00dfen, stellte die Partei fest.<\/p>\n<p>Dialog f\u00fcr Ungarn Sprecher Bence Tordai sagte, es seien L\u00e1z\u00e1r\u201d und seine Partner in der Kriminalit\u00e4t\u201d, die \u201cdie EU und Ungarn verlassen sollten\u201d.<\/p>\n<p><iframe loading=\"lazy\" style=\"border: none; overflow: hidden;\" src=\"https:\/\/www.facebook.com\/plugins\/post.php?href=https%3A%2F%2Fwww.facebook.com%2Fdailynewshungary%2Fposts%2F1043384429030461&amp;width=500\" width=\"500\" height=\"507\" frameborder=\"0\" scrolling=\"no\"><\/iframe><\/p>\n","protected":false},"excerpt":{"rendered":"<p>Budapest, 1. Juli (MTI) \u2013 Der Leiter des Regierungsb\u00fcros, J\u00e1nos L\u00e1z\u00e1r, sollte zur\u00fccktreten, da er in seinen Kommentaren Zweifel an der k\u00fcnftigen Mitgliedschaft Ungarns in der Europ\u00e4ischen Union ge\u00e4u\u00dfert hatte, hie\u00df es am Freitag im Oppositionsdialog f\u00fcr Ungarn und die liberalen Parteien. L\u00e1z\u00e1r teilte gestern in einer Regierungsbesprechung mit, dass seine Unterst\u00fctzung f\u00fcr die EU-Mitgliedschaft [&hellip;]<\/p>\n","protected":false},"author":2,"featured_media":756973,"comment_status":"open","ping_status":"open","sticky":false,"template":"","format":"standard","meta":{"_acf_changed":false,"_display_image":"","footnotes":""},"categories":[1081],"tags":[1661,1082],"class_list":["post-756972","post","type-post","status-publish","format-standard","has-post-thumbnail","hentry","category-politik","tag-dialog-fur-ungarn","tag-europaische-union"],"blocksy_meta":[],"acf":[],"author_username":"alk","telegram_post":"","public_post_metadata":{"breaking_news":"","important":"","csempe":"","center_tile":"","disable_thumbnail":"","target_lang":"","_featured_image_style":"","telegram_post":"","_xlat_group_id":""},"public_rank_math_data":{"title":"%title% %sep% %sitename%","description":"","focus_keyword":"","canonical_url":"","robots":"","primary_category":"1081","breadcrumb_title":"","facebook_title":"","facebook_description":"","facebook_image":"","facebook_image_id":"","twitter_title":"","twitter_description":"","twitter_image":"","twitter_image_id":"","twitter_card_type":"","twitter_use_facebook":"","advanced_robots":"","pillar_content":"","seo_score":"","contentai_score":"","rich_snippet":""},"_links":{"self":[{"href":"https:\/\/dailynewshungary.com\/de\/wp-json\/wp\/v2\/posts\/756972","targetHints":{"allow":["GET"]}}],"collection":[{"href":"https:\/\/dailynewshungary.com\/de\/wp-json\/wp\/v2\/posts"}],"about":[{"href":"https:\/\/dailynewshungary.com\/de\/wp-json\/wp\/v2\/types\/post"}],"author":[{"embeddable":true,"href":"https:\/\/dailynewshungary.com\/de\/wp-json\/wp\/v2\/users\/2"}],"replies":[{"embeddable":true,"href":"https:\/\/dailynewshungary.com\/de\/wp-json\/wp\/v2\/comments?post=756972"}],"version-history":[{"count":0,"href":"https:\/\/dailynewshungary.com\/de\/wp-json\/wp\/v2\/posts\/756972\/revisions"}],"wp:featuredmedia":[{"embeddable":true,"href":"https:\/\/dailynewshungary.com\/de\/wp-json\/wp\/v2\/media\/756973"}],"wp:attachment":[{"href":"https:\/\/dailynewshungary.com\/de\/wp-json\/wp\/v2\/media?parent=756972"}],"wp:term":[{"taxonomy":"category","embeddable":true,"href":"https:\/\/dailynewshungary.com\/de\/wp-json\/wp\/v2\/categories?post=756972"},{"taxonomy":"post_tag","embeddable":true,"href":"https:\/\/dailynewshungary.com\/de\/wp-json\/wp\/v2\/tags?post=756972"}],"curies":[{"name":"wp","href":"https:\/\/api.w.org\/{rel}","templated":true}]}}