{"id":757165,"date":"2016-06-24T10:21:44","date_gmt":"2016-06-24T08:21:44","guid":{"rendered":"https:\/\/dailynewshungary.com\/de\/orban-brussel-muss-auf-stimme-der-menschen-horen\/"},"modified":"2016-06-24T10:21:44","modified_gmt":"2016-06-24T08:21:44","slug":"orban-brussel-muss-auf-stimme-der-menschen-horen","status":"publish","type":"post","link":"https:\/\/dailynewshungary.com\/de\/orban-brussel-muss-auf-stimme-der-menschen-horen\/","title":{"rendered":"Orb\u00e1n: Br\u00fcssel muss auf \u2018Stimme der Menschen\u2019 h\u00f6ren"},"content":{"rendered":"<p><strong>Budapest, 24. Juni (MTI) \u2013 Die gr\u00f6\u00dfte Lehre, die man aus dem britischen Referendum ziehen kann, ist, dass Br\u00fcssel auf die Stimme des Volkes h\u00f6ren muss, sagte Premierminister Viktor Orb\u00e1n am Freitag.<\/strong><\/p>\n<p>Orb\u00e1n sagte dem \u00f6ffentlichen Radio Kossuth, dass es notwendig sei zu analysieren, welche Themen in den Debatten \u00fcber die Mitgliedschaft in der Europ\u00e4ischen Union entscheidend seien. Er sagte, Einwanderung sei ein solches Thema gewesen. Die Briten suchten nach einer M\u00f6glichkeit, der Migration im modernen Alter standzuhalten, die Kontrolle \u00fcber ihr Leben zu behalten und \u201eihre Insel zu bewahren\u201cf\u00fcgte er hinzu.<\/p>\n<p>\u201cEs scheint, dass die Briten mit der Politik und dem Schutz, den die EU in dieser Situation bot, unzufrieden waren\u201d, sagte Orb\u00e1n.<\/p>\n<p>Die britische Entscheidung m\u00fcsse respektiert werden, denn jede Nation habe das Recht, \u00fcber ihr Schicksal zu entscheiden, sagte er.<\/p>\n<p>Ungarn sei Mitglied der EU, weil \u201cwir an ein starkes Europa glauben\u201d, f\u00fcgte Orb\u00e1n hinzu \u201cEuropa kann aber nur stark sein, wenn es Antworten auf so wichtige Themen wie Migration geben kann, und zwar auf eine Weise, die die Gemeinschaft nicht schw\u00e4cht, sondern st\u00e4rkt. Die EU hat es vers\u00e4umt, solche Antworten zu geben\u201d, sagte Orb\u00e1n.<\/p>\n<p>Zum Thema eines im September oder Oktober in Ungarn stattfindenden Referendums \u00fcber die Annahme der EU-Quotenregelung f\u00fcr Migranten sagte Orb\u00e1n, er freue sich auf \u201cinteressante Debatten\u201d \u201cSchlie\u00dflich ist dies eine der wichtigsten Fragen, wenn nicht sogar die wichtigste Einzelfrage zur Zukunft der Nation\u201d, sagte erDie Versuche der Linksliberalen, das Referendum zu vereiteln, seien blockiert worden \u201cUngarn ist eine starke Demokratie, das Volk wird entscheiden, was es will\u201d, sagte er.<\/p>\n<p>Zu den j\u00fcngsten Entwicklungen in Bezug auf Spargenossenschaften sagte Orb\u00e1n, die Funktionsweise von Spargenossenschaften sei f\u00fcr die Regierung immer eine Priorit\u00e4t gewesen, da die Eigent\u00fcmer \u201ceinfache Einwohner\u201d seien. \u201eAber die Probleme in diesem Sektor waren so schwerwiegend, dass die Regierung umstrukturieren musste.\u201c\u201eEs ist bedauerlich, dass diese Angelegenheit mit einem anderen Fall, den Ereignissen bei der Post und der FHB Bank, verwechselt wurde\u201d, sagte er auf die Frage, warum der Chef der FHB Bank Zolt\u00e1n Sp\u00e9der sein Vertrauen verloren hatte. \u201eOrb\u00e1n sagte, dies sei \u201ekeine pers\u00f6nliche Frage der Loyalit\u00e4t\u201caber es wurden Zweifel und Bedenken ge\u00e4u\u00dfert, die von der Polizei untersucht werden.<\/p>\n<p>Orb\u00e1n wurde gebeten, sich zu der Aussage von Tam\u00e1s Portik, dem ehemaligen Chef von Energol, der wegen Mordes im Gef\u00e4ngnis sitzt, zu seinen angeblichen Verbindungen zu Kabinettschef Antal Rog\u00e1n zu \u00e4u\u00dfern, und sagte, er werde sich \u201enicht um die Worte eines Kriminellen k\u00fcmmern\u201c.<\/p>\n<p>Orb\u00e1n sprach auch \u00fcber Sport, der seiner Meinung nach als parteipolitisch unbeeinflusste \u201cnationale Angelegenheit\u201d behandelt werden sollte. Er gratulierte der ungarischen Nationalelf zu ihren Ergebnissen bei der Europameisterschaft in Frankreich und sagte, er werde am Sonntag in Toulouse sein, um das Spiel zu sehen Ungarn spielt gegen Belgien.<\/p>\n<p>Er wies darauf hin, dass es sich auch lohnt zu sehen, dass diese Ergebnisse das Werk Tausender Menschen sind, und lobte Cheftrainer Bernd Storck f\u00fcr die \u201eKopplung ungarischer Talente mit stetiger Arbeit\u201c.<\/p>\n<p><em>Foto: MTI<\/em><\/p>\n","protected":false},"excerpt":{"rendered":"<p>Budapest, 24. Juni (MTI) \u2013 Die gr\u00f6\u00dfte Lehre, die man aus dem britischen Referendum ziehen kann, ist, dass Br\u00fcssel auf die Stimme des Volkes h\u00f6ren muss, sagte Premierminister Viktor Orb\u00e1n am Freitag. Orb\u00e1n sagte dem \u00f6ffentlichen Radio Kossuth, dass es notwendig sei zu analysieren, welche Themen in den Debatten \u00fcber die Mitgliedschaft in der Europ\u00e4ischen [&hellip;]<\/p>\n","protected":false},"author":2,"featured_media":757166,"comment_status":"open","ping_status":"open","sticky":false,"template":"","format":"standard","meta":{"_acf_changed":false,"_display_image":"","footnotes":""},"categories":[1081],"tags":[1082,1273,1333],"class_list":["post-757165","post","type-post","status-publish","format-standard","has-post-thumbnail","hentry","category-politik","tag-europaische-union","tag-grosbritannien","tag-viktor-oder-ban"],"blocksy_meta":[],"acf":[],"author_username":"alk","telegram_post":"","public_post_metadata":{"breaking_news":"","important":"","csempe":"","center_tile":"","disable_thumbnail":"","target_lang":"","_featured_image_style":"","telegram_post":"","_xlat_group_id":""},"public_rank_math_data":{"title":"%title% %sep% %sitename%","description":"","focus_keyword":"","canonical_url":"","robots":"","primary_category":"1081","breadcrumb_title":"","facebook_title":"","facebook_description":"","facebook_image":"","facebook_image_id":"","twitter_title":"","twitter_description":"","twitter_image":"","twitter_image_id":"","twitter_card_type":"","twitter_use_facebook":"","advanced_robots":"","pillar_content":"","seo_score":"","contentai_score":"","rich_snippet":""},"_links":{"self":[{"href":"https:\/\/dailynewshungary.com\/de\/wp-json\/wp\/v2\/posts\/757165","targetHints":{"allow":["GET"]}}],"collection":[{"href":"https:\/\/dailynewshungary.com\/de\/wp-json\/wp\/v2\/posts"}],"about":[{"href":"https:\/\/dailynewshungary.com\/de\/wp-json\/wp\/v2\/types\/post"}],"author":[{"embeddable":true,"href":"https:\/\/dailynewshungary.com\/de\/wp-json\/wp\/v2\/users\/2"}],"replies":[{"embeddable":true,"href":"https:\/\/dailynewshungary.com\/de\/wp-json\/wp\/v2\/comments?post=757165"}],"version-history":[{"count":0,"href":"https:\/\/dailynewshungary.com\/de\/wp-json\/wp\/v2\/posts\/757165\/revisions"}],"wp:featuredmedia":[{"embeddable":true,"href":"https:\/\/dailynewshungary.com\/de\/wp-json\/wp\/v2\/media\/757166"}],"wp:attachment":[{"href":"https:\/\/dailynewshungary.com\/de\/wp-json\/wp\/v2\/media?parent=757165"}],"wp:term":[{"taxonomy":"category","embeddable":true,"href":"https:\/\/dailynewshungary.com\/de\/wp-json\/wp\/v2\/categories?post=757165"},{"taxonomy":"post_tag","embeddable":true,"href":"https:\/\/dailynewshungary.com\/de\/wp-json\/wp\/v2\/tags?post=757165"}],"curies":[{"name":"wp","href":"https:\/\/api.w.org\/{rel}","templated":true}]}}