{"id":757228,"date":"2016-06-22T07:52:22","date_gmt":"2016-06-22T05:52:22","guid":{"rendered":"https:\/\/dailynewshungary.com\/de\/mdep-sagt-zivilinitiative-gegen-ungarn-scheitern\/"},"modified":"2016-06-22T07:52:22","modified_gmt":"2016-06-22T05:52:22","slug":"mdep-sagt-zivilinitiative-gegen-ungarn-scheitern","status":"publish","type":"post","link":"https:\/\/dailynewshungary.com\/de\/mdep-sagt-zivilinitiative-gegen-ungarn-scheitern\/","title":{"rendered":"MdEP sagt Zivilinitiative gegen Ungarn Scheitern"},"content":{"rendered":"<p><strong>Budapest (MTI) (Die Ank\u00fcndigung der Organisatoren, eine Petition der linken Europ\u00e4ischen Humanistischen F\u00f6deration (EHF) zu beenden, die darauf abzielt, ein Verfahren der Europ\u00e4ischen Union gegen Ungarn wegen Verletzung demokratischer Werte einzuleiten, zeigt, dass die Kampagne gescheitert ist. sagte Gy\u00f6rgy Schopflin, Europaabgeordneter der regierenden Fidesz-Partei.<\/strong><\/p>\n<p>Die EHV-Zivilinitiative wurde im vergangenen November von der Europ\u00e4ischen Kommission registriert, und sie hatte ein Jahr Zeit, eine Million Unterschriften zu sammeln, um das EU-Verfahren gegen Ungarn einleiten zu lassen Doch nachdem sie bis Mai dieses Jahres nur etwa 10.000 Unterschriften gesammelt hatte, gaben die Petenten laut einem Bericht der Tageszeitung Magyar Idok bekannt, dass sie ihren Schritt gegen die ungarische Regierung zur\u00fcckziehen w\u00fcrden.<\/p>\n<p>Schopflin sagte, der Antrag mache die Institution ziviler Initiativen l\u00e4cherlich, da er nicht transparent sei und mehrere formelle Anforderungen nicht erf\u00fclle. Dennoch akzeptierte die Europ\u00e4ische Kommission ihn. Er f\u00fcgte hinzu, dass ihre Bef\u00fcrworter zwar behaupteten, sie wollten \u201eUngarn nicht vor Ort bringen\u201c\u201enur das\u201d, aber \u201eeinige Verfahren nach Artikel 7 einzuleiten, was dazu f\u00fchren kann, dass ein Land aus der EU ausgeschlossen wird\u201d.<\/p>\n","protected":false},"excerpt":{"rendered":"<p>Budapest (MTI) (Die Ank\u00fcndigung der Organisatoren, eine Petition der linken Europ\u00e4ischen Humanistischen F\u00f6deration (EHF) zu beenden, die darauf abzielt, ein Verfahren der Europ\u00e4ischen Union gegen Ungarn wegen Verletzung demokratischer Werte einzuleiten, zeigt, dass die Kampagne gescheitert ist. sagte Gy\u00f6rgy Schopflin, Europaabgeordneter der regierenden Fidesz-Partei. Die EHV-Zivilinitiative wurde im vergangenen November von der Europ\u00e4ischen Kommission registriert, [&hellip;]<\/p>\n","protected":false},"author":2,"featured_media":757229,"comment_status":"open","ping_status":"open","sticky":false,"template":"","format":"standard","meta":{"_acf_changed":false,"_display_image":"","footnotes":""},"categories":[1081],"tags":[1082,3784],"class_list":["post-757228","post","type-post","status-publish","format-standard","has-post-thumbnail","hentry","category-politik","tag-europaische-union","tag-zivil"],"blocksy_meta":[],"acf":[],"author_username":"alk","telegram_post":"","public_post_metadata":{"breaking_news":"","important":"","csempe":"","center_tile":"","disable_thumbnail":"","target_lang":"","_featured_image_style":"","telegram_post":"","_xlat_group_id":""},"public_rank_math_data":{"title":"%title% %sep% %sitename%","description":"","focus_keyword":"","canonical_url":"","robots":"","primary_category":"1081","breadcrumb_title":"","facebook_title":"","facebook_description":"","facebook_image":"","facebook_image_id":"","twitter_title":"","twitter_description":"","twitter_image":"","twitter_image_id":"","twitter_card_type":"","twitter_use_facebook":"","advanced_robots":"","pillar_content":"","seo_score":"","contentai_score":"","rich_snippet":""},"_links":{"self":[{"href":"https:\/\/dailynewshungary.com\/de\/wp-json\/wp\/v2\/posts\/757228","targetHints":{"allow":["GET"]}}],"collection":[{"href":"https:\/\/dailynewshungary.com\/de\/wp-json\/wp\/v2\/posts"}],"about":[{"href":"https:\/\/dailynewshungary.com\/de\/wp-json\/wp\/v2\/types\/post"}],"author":[{"embeddable":true,"href":"https:\/\/dailynewshungary.com\/de\/wp-json\/wp\/v2\/users\/2"}],"replies":[{"embeddable":true,"href":"https:\/\/dailynewshungary.com\/de\/wp-json\/wp\/v2\/comments?post=757228"}],"version-history":[{"count":0,"href":"https:\/\/dailynewshungary.com\/de\/wp-json\/wp\/v2\/posts\/757228\/revisions"}],"wp:featuredmedia":[{"embeddable":true,"href":"https:\/\/dailynewshungary.com\/de\/wp-json\/wp\/v2\/media\/757229"}],"wp:attachment":[{"href":"https:\/\/dailynewshungary.com\/de\/wp-json\/wp\/v2\/media?parent=757228"}],"wp:term":[{"taxonomy":"category","embeddable":true,"href":"https:\/\/dailynewshungary.com\/de\/wp-json\/wp\/v2\/categories?post=757228"},{"taxonomy":"post_tag","embeddable":true,"href":"https:\/\/dailynewshungary.com\/de\/wp-json\/wp\/v2\/tags?post=757228"}],"curies":[{"name":"wp","href":"https:\/\/api.w.org\/{rel}","templated":true}]}}