{"id":757281,"date":"2016-06-20T11:56:08","date_gmt":"2016-06-20T09:56:08","guid":{"rendered":"https:\/\/dailynewshungary.com\/de\/ungarische-regierung-unterstutzt-die-weitere-eu-mitgliedschaft-grosbritanniens-sagt-ausenminister\/"},"modified":"2016-06-20T11:56:08","modified_gmt":"2016-06-20T09:56:08","slug":"ungarische-regierung-unterstutzt-die-weitere-eu-mitgliedschaft-grosbritanniens-sagt-ausenminister","status":"publish","type":"post","link":"https:\/\/dailynewshungary.com\/de\/ungarische-regierung-unterstutzt-die-weitere-eu-mitgliedschaft-grosbritanniens-sagt-ausenminister\/","title":{"rendered":"Ungarische Regierung unterst\u00fctzt die weitere EU-Mitgliedschaft Gro\u00dfbritanniens, sagt Au\u00dfenminister"},"content":{"rendered":"<p><strong>Br\u00fcssel, den 20. Juni (MTI) \u2013 Die Abstimmung des Vereinigten K\u00f6nigreichs f\u00fcr den Verbleib in der Europ\u00e4ischen Union liegt im Interesse der Gemeinschaft, einschlie\u00dflich Ungarns, sagte Au\u00dfenminister P\u00e9ter Szijj\u00e1rt\u00f3 telefonisch gegen\u00fcber MTI vor einem Treffen seiner europ\u00e4ischen Amtskollegen in Luxemburg am Montag.<\/strong><\/p>\n<p>Der m\u00f6gliche Austritt Gro\u00dfbritanniens aus seiner Mitgliedschaft h\u00e4tte \u201cextreme Auswirkungen\u201d auf die EU, sagte er und wies darauf hin, dass Gro\u00dfbritannien die zweitgr\u00f6\u00dfte Volkswirtschaft Europas und die f\u00fcnftst\u00e4rkste der Welt sei.<\/p>\n<p>Das Vereinigte K\u00f6nigreich und Ungarn teilen eine Reihe von Ansichten und ohne britische Unterst\u00fctzung \u201ek\u00f6nnte der Dialog f\u00fcr Ungarn die falsche Richtung einschlagen\u201csagte der Minister.<\/p>\n<p>Szijj\u00e1rt\u00f3 sagte beispielsweise, dass sowohl Ungarn als auch Gro\u00dfbritannien der Meinung seien, dass die nationalen Parlamente \u00fcber gr\u00f6\u00dfere Befugnisse verf\u00fcgen sollten. Er argumentierte, dass die j\u00fcngsten Krisen, die die Gemeinschaft heimsuchten, auch bewiesen h\u00e4tten, dass \u201edie F\u00e4higkeit, wichtige Entscheidungen in kurzer Zeit zu treffen, grunds\u00e4tzlich auf nationaler Ebene liegt\u201c\u201d.<\/p>\n<p>In einer Sitzungspause sagte Szijj\u00e1rt\u00f3, dass eine \u201cgrundlegende \u00c4nderung\u201d der Philosophie hinter der Einwanderungspolitik der EU erforderlich sei.<\/p>\n<p>Der Minister argumentierte, dass die EU die Einwanderung f\u00f6rdere, und ihre Bem\u00fchungen konzentrierten sich auf die Verteilung der daraus resultierenden LastenDie Verringerung dieser Belastung sollte oberste Priorit\u00e4t haben, anstatt sie zu verteilen, beharrte er darauf \u201cWir sollten die Zahl der Einwanderer auf ein Minimum reduzieren\u201d, sagte Szijj\u00e1rt\u00f3.<\/p>\n","protected":false},"excerpt":{"rendered":"<p>Br\u00fcssel, den 20. Juni (MTI) \u2013 Die Abstimmung des Vereinigten K\u00f6nigreichs f\u00fcr den Verbleib in der Europ\u00e4ischen Union liegt im Interesse der Gemeinschaft, einschlie\u00dflich Ungarns, sagte Au\u00dfenminister P\u00e9ter Szijj\u00e1rt\u00f3 telefonisch gegen\u00fcber MTI vor einem Treffen seiner europ\u00e4ischen Amtskollegen in Luxemburg am Montag. Der m\u00f6gliche Austritt Gro\u00dfbritanniens aus seiner Mitgliedschaft h\u00e4tte \u201cextreme Auswirkungen\u201d auf die EU, [&hellip;]<\/p>\n","protected":false},"author":2,"featured_media":0,"comment_status":"open","ping_status":"open","sticky":false,"template":"","format":"standard","meta":{"_acf_changed":false,"_display_image":"","footnotes":""},"categories":[1081],"tags":[1169,1082,1273],"class_list":["post-757281","post","type-post","status-publish","format-standard","hentry","category-politik","tag-aussenministerium-von-ungarn","tag-europaische-union","tag-grosbritannien"],"blocksy_meta":[],"acf":[],"author_username":"alk","telegram_post":"","public_post_metadata":{"breaking_news":"","important":"","csempe":"","center_tile":"","disable_thumbnail":"","target_lang":"","_featured_image_style":"","telegram_post":"","_xlat_group_id":""},"public_rank_math_data":{"title":"%title% %sep% %sitename%","description":"","focus_keyword":"","canonical_url":"","robots":"","primary_category":"1081","breadcrumb_title":"","facebook_title":"","facebook_description":"","facebook_image":"","facebook_image_id":"","twitter_title":"","twitter_description":"","twitter_image":"","twitter_image_id":"","twitter_card_type":"","twitter_use_facebook":"","advanced_robots":"","pillar_content":"","seo_score":"","contentai_score":"","rich_snippet":""},"_links":{"self":[{"href":"https:\/\/dailynewshungary.com\/de\/wp-json\/wp\/v2\/posts\/757281","targetHints":{"allow":["GET"]}}],"collection":[{"href":"https:\/\/dailynewshungary.com\/de\/wp-json\/wp\/v2\/posts"}],"about":[{"href":"https:\/\/dailynewshungary.com\/de\/wp-json\/wp\/v2\/types\/post"}],"author":[{"embeddable":true,"href":"https:\/\/dailynewshungary.com\/de\/wp-json\/wp\/v2\/users\/2"}],"replies":[{"embeddable":true,"href":"https:\/\/dailynewshungary.com\/de\/wp-json\/wp\/v2\/comments?post=757281"}],"version-history":[{"count":0,"href":"https:\/\/dailynewshungary.com\/de\/wp-json\/wp\/v2\/posts\/757281\/revisions"}],"wp:attachment":[{"href":"https:\/\/dailynewshungary.com\/de\/wp-json\/wp\/v2\/media?parent=757281"}],"wp:term":[{"taxonomy":"category","embeddable":true,"href":"https:\/\/dailynewshungary.com\/de\/wp-json\/wp\/v2\/categories?post=757281"},{"taxonomy":"post_tag","embeddable":true,"href":"https:\/\/dailynewshungary.com\/de\/wp-json\/wp\/v2\/tags?post=757281"}],"curies":[{"name":"wp","href":"https:\/\/api.w.org\/{rel}","templated":true}]}}