{"id":757577,"date":"2016-06-09T02:22:29","date_gmt":"2016-06-09T00:22:29","guid":{"rendered":"https:\/\/dailynewshungary.com\/de\/ungarns-ausenminister-neuester-eg-migrationsvorschlag-zur-blue-card-reform-verbluffend\/"},"modified":"2016-06-09T02:22:29","modified_gmt":"2016-06-09T00:22:29","slug":"ungarns-ausenminister-neuester-eg-migrationsvorschlag-zur-blue-card-reform-verbluffend","status":"publish","type":"post","link":"https:\/\/dailynewshungary.com\/de\/ungarns-ausenminister-neuester-eg-migrationsvorschlag-zur-blue-card-reform-verbluffend\/","title":{"rendered":"Ungarns Au\u00dfenminister: neuester EG-Migrationsvorschlag zur Blue-Card-Reform \u201cverbl\u00fcffend\u201d"},"content":{"rendered":"<p><strong>Ningbo, 8. Juni (MTI) \u201eUngarn lehnt den j\u00fcngsten Migrationsvorschlag der Europ\u00e4ischen Kommission ab, der eine von Kommissar Dimitris Avramopoulos angek\u00fcndigte Reform des Blue-Card-Systems beinhaltet, sagte Au\u00dfenminister P\u00e9ter Szijj\u00e1r\u00f3 am Mittwoch.<\/strong><\/p>\n<p>Das Blue-Card-System steht vor allem hochqualifizierten Arbeitskr\u00e4ften von au\u00dferhalb der EU zur Verf\u00fcgung.<\/p>\n<p>Szijj\u00e1rt\u00f3 sagte MTI telefonisch aus Ningbo in China, dass die EG mit Vorschl\u00e4gen wie diesem \u201czunehmend den Eindruck erwecke, dass sie m\u00f6chte, dass Europa scheitert\u201d.<\/p>\n<p>Vorschl\u00e4ge wie dieser k\u00f6nnten dazu f\u00fchren, dass weitere Migrantenwellen den Kontinent \u00fcberschwemmen, weil Migranten und Menschenschmuggler solche Ma\u00dfnahmen als Einladungen interpretierten, f\u00fcgte er hinzu.<\/p>\n<p>Er kommentierte Avramopoulos und sagte auf einer Pressekonferenz am Dienstag in Stra\u00dfburg, dass eine Reform des europ\u00e4ischen Blue-Card-Systems und Bem\u00fchungen zur Verbesserung der Wirksamkeit der Integration die Voraussetzungen f\u00fcr eine legale Migration in die EU schaffen w\u00fcrden.<\/p>\n<p>Szijj\u00e1rt\u00f3 sagte, es sei h\u00f6chste Zeit, dass die EG aufh\u00f6re, an M\u00f6glichkeiten zu arbeiten, den Migrationsdruck auf Europa zu erh\u00f6hen, und stattdessen an M\u00f6glichkeiten arbeite, ihn zu verringern.<\/p>\n<p>Er nannte den Vorschlag nicht nur \u201cverbl\u00fcffend\u201d, sondern auch \u201csenlos\u201d, wenn man bedenkt, dass die meisten EU-Mitgliedstaaten eine hohe Arbeitslosigkeit haben Trotz eines kontinuierlichen R\u00fcckgangs der Arbeitslosigkeit in Ungarn seit 2010 hat es die Regierung immer noch als vorrangiges Ziel, den Ungarn mehr Arbeit zu geben und neue Arbeitspl\u00e4tze f\u00fcr sie zu schaffenDie Regierung wird dieses Ziel nicht vernachl\u00e4ssigenf\u00fcgte er hinzu.<\/p>\n","protected":false},"excerpt":{"rendered":"<p>Ningbo, 8. Juni (MTI) \u201eUngarn lehnt den j\u00fcngsten Migrationsvorschlag der Europ\u00e4ischen Kommission ab, der eine von Kommissar Dimitris Avramopoulos angek\u00fcndigte Reform des Blue-Card-Systems beinhaltet, sagte Au\u00dfenminister P\u00e9ter Szijj\u00e1r\u00f3 am Mittwoch. Das Blue-Card-System steht vor allem hochqualifizierten Arbeitskr\u00e4ften von au\u00dferhalb der EU zur Verf\u00fcgung. Szijj\u00e1rt\u00f3 sagte MTI telefonisch aus Ningbo in China, dass die EG mit [&hellip;]<\/p>\n","protected":false},"author":2,"featured_media":757578,"comment_status":"open","ping_status":"open","sticky":false,"template":"","format":"standard","meta":{"_acf_changed":false,"_display_image":"","footnotes":""},"categories":[1081],"tags":[1169,1426,1082],"class_list":["post-757577","post","type-post","status-publish","format-standard","has-post-thumbnail","hentry","category-politik","tag-aussenministerium-von-ungarn","tag-europaische-kommission","tag-europaische-union"],"blocksy_meta":[],"acf":[],"author_username":"alk","telegram_post":"","public_post_metadata":{"breaking_news":"","important":"","csempe":"","center_tile":"","disable_thumbnail":"","target_lang":"","_featured_image_style":"","telegram_post":"","_xlat_group_id":""},"public_rank_math_data":{"title":"%title% %sep% %sitename%","description":"","focus_keyword":"","canonical_url":"","robots":"","primary_category":"1081","breadcrumb_title":"","facebook_title":"","facebook_description":"","facebook_image":"","facebook_image_id":"","twitter_title":"","twitter_description":"","twitter_image":"","twitter_image_id":"","twitter_card_type":"","twitter_use_facebook":"","advanced_robots":"","pillar_content":"","seo_score":"","contentai_score":"","rich_snippet":""},"_links":{"self":[{"href":"https:\/\/dailynewshungary.com\/de\/wp-json\/wp\/v2\/posts\/757577","targetHints":{"allow":["GET"]}}],"collection":[{"href":"https:\/\/dailynewshungary.com\/de\/wp-json\/wp\/v2\/posts"}],"about":[{"href":"https:\/\/dailynewshungary.com\/de\/wp-json\/wp\/v2\/types\/post"}],"author":[{"embeddable":true,"href":"https:\/\/dailynewshungary.com\/de\/wp-json\/wp\/v2\/users\/2"}],"replies":[{"embeddable":true,"href":"https:\/\/dailynewshungary.com\/de\/wp-json\/wp\/v2\/comments?post=757577"}],"version-history":[{"count":0,"href":"https:\/\/dailynewshungary.com\/de\/wp-json\/wp\/v2\/posts\/757577\/revisions"}],"wp:featuredmedia":[{"embeddable":true,"href":"https:\/\/dailynewshungary.com\/de\/wp-json\/wp\/v2\/media\/757578"}],"wp:attachment":[{"href":"https:\/\/dailynewshungary.com\/de\/wp-json\/wp\/v2\/media?parent=757577"}],"wp:term":[{"taxonomy":"category","embeddable":true,"href":"https:\/\/dailynewshungary.com\/de\/wp-json\/wp\/v2\/categories?post=757577"},{"taxonomy":"post_tag","embeddable":true,"href":"https:\/\/dailynewshungary.com\/de\/wp-json\/wp\/v2\/tags?post=757577"}],"curies":[{"name":"wp","href":"https:\/\/api.w.org\/{rel}","templated":true}]}}