{"id":757589,"date":"2016-06-08T18:01:26","date_gmt":"2016-06-08T16:01:26","guid":{"rendered":"https:\/\/dailynewshungary.com\/de\/forum-der-premierminister-von-v4-orban-unterschiedliche-ansichten-zur-grosten-herausforderung-der-kunftigen-eu\/"},"modified":"2016-06-08T18:01:26","modified_gmt":"2016-06-08T16:01:26","slug":"forum-der-premierminister-von-v4-orban-unterschiedliche-ansichten-zur-grosten-herausforderung-der-kunftigen-eu","status":"publish","type":"post","link":"https:\/\/dailynewshungary.com\/de\/forum-der-premierminister-von-v4-orban-unterschiedliche-ansichten-zur-grosten-herausforderung-der-kunftigen-eu\/","title":{"rendered":"Forum der Premierminister von V4 \u2013 Orb\u00e1n: Unterschiedliche Ansichten zur gr\u00f6\u00dften Herausforderung der k\u00fcnftigen EU"},"content":{"rendered":"<p><strong>Prag, 8. Juni (MTI) \u2013 Die gr\u00f6\u00dfte Herausforderung der Europ\u00e4ischen Union besteht darin, dass die Mitgliedstaaten abweichende Visionen f\u00fcr ihre Zukunft haben, sagte Ministerpr\u00e4sident Viktor Orb\u00e1n am Mittwoch in Prag.<\/strong><\/p>\n<p>Die Migrationskrise Europas sei ein gutes Beispiel f\u00fcr diese Herausforderung, sagte Orb\u00e1n auf einem Forum der Premierminister der Visegrad-Vier-L\u00e4nder (V4).<\/p>\n<p>Orb\u00e1n sagte, es gebe im Allgemeinen zwei unterschiedliche Wege, wie sich die Mitgliedstaaten die Zukunft Europas vorstellten. Eines von ihnen sagt, die Welt stehe kurz davor, einer massiven, unvermeidbaren Migrationswelle gegen\u00fcberzustehen, die die EU-Mitgliedstaaten bew\u00e4ltigen lernen m\u00fcssten. Das andere Lager glaubt, dass die Migrationswelle an den Grenzen der EU gestoppt werden kann.<\/p>\n<p>Orb\u00e1n und seine tschechischen, slowakischen und polnischen Amtskollegen diskutierten \u00fcber die anhaltenden Krisen in der EU und die Rolle, die die V4 in ihren Resolutionen spielen k\u00f6nnen.<\/p>\n<p><img loading=\"lazy\" decoding=\"async\" class=\"size-full wp-image-70421 aligncenter\" src=\"https:\/\/dailynewshungary.com\/wp-content\/uploads\/2016\/06\/v4-orb\u00e1n.jpg\" alt=\"v4-orb\u00e1n\" width=\"600\" height=\"399\" srcset=\"https:\/\/contentf5.dailynewshungary.com\/wp-content\/uploads\/2016\/06\/v4-orb\u00e1n.jpg 600w, https:\/\/contentf5.dailynewshungary.com\/wp-content\/uploads\/2016\/06\/v4-orb\u00e1n-300x200.jpg 300w, https:\/\/contentf5.dailynewshungary.com\/wp-content\/uploads\/2016\/06\/v4-orb\u00e1n-220x146.jpg 220w\" sizes=\"auto, (max-width: 600px) 100vw, 600px\"><\/p>\n<p>Auf einer Pressekonferenz nach dem Forum sagte Orb\u00e1n, dass der V4 im Jahr 2015 sein schwierigstes und kompliziertestes Jahr hatte, in dem die Gruppierung jedoch alle Probleme anging, mit denen sie konfrontiert war.<\/p>\n<p>Er dankte den anderen drei Mitgliedstaaten f\u00fcr die Hilfe, die sie Ungarn bei der Bew\u00e4ltigung der Migrantenkrise geleistet haben, und f\u00fcr ihre Unterst\u00fctzung der ungarischen Regierung bei ihren politischen Auseinandersetzungen mit Br\u00fcssel.<\/p>\n<p>Orb\u00e1n nannte die Visegrad-Four-Partnerschaft eine Erfolgsgeschichte und die Gruppierung \u201cden Motor des Wirtschaftswachstums der EU\u201d<\/p>\n<blockquote>\n<p>\u201cOhne V4 gibt es kein Wachstum, sondern nur Stagnation und Rezession\u201d, sagte er.<\/p>\n<\/blockquote>\n<h6>AKTUALISIEREN<\/h6>\n<p>Robert Fico von der Slowakei sagte, dass die EU eher vor der M\u00f6glichkeit einer \u201cFragmentierung\u201d stehe, als dass sie f\u00fcr eine tiefere Integration bereit sei.<\/p>\n<p>Beata Szydlo, Polens Ministerpr\u00e4sidentin, sagte, die Aufspaltung der EU in kleinere \u201cGewerkschaften\u201d sei inakzeptabel \u201cEuropa braucht den Dialog und es muss jedem Mitglied zuh\u00f6ren\u201d, sagte sieNach dem offenen Forum hielten die Ministerpr\u00e4sidenten ein Gipfeltreffen ab, bei dem Tschechien die rotierende Pr\u00e4sidentschaft der Visegrad-Four-Kooperation formell an Polen \u00fcbergab, um den Posten f\u00fcr die n\u00e4chste einj\u00e4hrige Amtszeit zu besetzen.<\/p>\n<p>In einer gemeinsamen Erkl\u00e4rung nach dem Gipfel wiederholten die vier Ministerpr\u00e4sidenten ihren fr\u00fcheren Standpunkt, die obligatorische Migrantenquote der Europ\u00e4ischen Union abzulehnen, und dr\u00e4ngten auf einen besseren Schutz der Schengen-Grenzen. Eine obligatorische Verteilung von Asylbewerbern w\u00fcrde die Migration weiter f\u00f6rdern und die Mitglieder der EU spalten, hei\u00dft es in der Erkl\u00e4rung.<\/p>\n<p>Die Unterzeichner der Erkl\u00e4rung dr\u00e4ngten au\u00dferdem darauf, dass Gro\u00dfbritannien Mitglied der EU bleiben und dass EU und NATO im Interesse der Sicherheit in den baltischen Staaten eine engere Zusammenarbeit anstreben sollten.<\/p>\n<p>Die L\u00e4nder der Visegrad-Zusammenarbeit unterst\u00fctzen die Bem\u00fchungen der Ukraine, Stabilit\u00e4t im Land zu schaffen, und fordern die EU auf, ihre Visumpflicht f\u00fcr ukrainische Einreisende aufzuheben, hei\u00dft es in der Erkl\u00e4rung.<\/p>\n<p><em>Foto: MTI<\/em><\/p>\n","protected":false},"excerpt":{"rendered":"<p>Prag, 8. Juni (MTI) \u2013 Die gr\u00f6\u00dfte Herausforderung der Europ\u00e4ischen Union besteht darin, dass die Mitgliedstaaten abweichende Visionen f\u00fcr ihre Zukunft haben, sagte Ministerpr\u00e4sident Viktor Orb\u00e1n am Mittwoch in Prag. Die Migrationskrise Europas sei ein gutes Beispiel f\u00fcr diese Herausforderung, sagte Orb\u00e1n auf einem Forum der Premierminister der Visegrad-Vier-L\u00e4nder (V4). Orb\u00e1n sagte, es gebe im [&hellip;]<\/p>\n","protected":false},"author":2,"featured_media":757590,"comment_status":"open","ping_status":"open","sticky":false,"template":"","format":"standard","meta":{"_acf_changed":false,"_display_image":"","footnotes":""},"categories":[1081],"tags":[1082,1128,1923],"class_list":["post-757589","post","type-post","status-publish","format-standard","has-post-thumbnail","hentry","category-politik","tag-europaische-union","tag-viktor-orban","tag-visegrad-vier"],"blocksy_meta":[],"acf":[],"author_username":"alk","telegram_post":"","public_post_metadata":{"breaking_news":"","important":"","csempe":"","center_tile":"","disable_thumbnail":"","target_lang":"","_featured_image_style":"","telegram_post":"","_xlat_group_id":""},"public_rank_math_data":{"title":"%title% %sep% %sitename%","description":"","focus_keyword":"","canonical_url":"","robots":"","primary_category":"1081","breadcrumb_title":"","facebook_title":"","facebook_description":"","facebook_image":"","facebook_image_id":"","twitter_title":"","twitter_description":"","twitter_image":"","twitter_image_id":"","twitter_card_type":"","twitter_use_facebook":"","advanced_robots":"","pillar_content":"","seo_score":"","contentai_score":"","rich_snippet":""},"_links":{"self":[{"href":"https:\/\/dailynewshungary.com\/de\/wp-json\/wp\/v2\/posts\/757589","targetHints":{"allow":["GET"]}}],"collection":[{"href":"https:\/\/dailynewshungary.com\/de\/wp-json\/wp\/v2\/posts"}],"about":[{"href":"https:\/\/dailynewshungary.com\/de\/wp-json\/wp\/v2\/types\/post"}],"author":[{"embeddable":true,"href":"https:\/\/dailynewshungary.com\/de\/wp-json\/wp\/v2\/users\/2"}],"replies":[{"embeddable":true,"href":"https:\/\/dailynewshungary.com\/de\/wp-json\/wp\/v2\/comments?post=757589"}],"version-history":[{"count":0,"href":"https:\/\/dailynewshungary.com\/de\/wp-json\/wp\/v2\/posts\/757589\/revisions"}],"wp:featuredmedia":[{"embeddable":true,"href":"https:\/\/dailynewshungary.com\/de\/wp-json\/wp\/v2\/media\/757590"}],"wp:attachment":[{"href":"https:\/\/dailynewshungary.com\/de\/wp-json\/wp\/v2\/media?parent=757589"}],"wp:term":[{"taxonomy":"category","embeddable":true,"href":"https:\/\/dailynewshungary.com\/de\/wp-json\/wp\/v2\/categories?post=757589"},{"taxonomy":"post_tag","embeddable":true,"href":"https:\/\/dailynewshungary.com\/de\/wp-json\/wp\/v2\/tags?post=757589"}],"curies":[{"name":"wp","href":"https:\/\/api.w.org\/{rel}","templated":true}]}}