{"id":757673,"date":"2016-06-06T08:00:57","date_gmt":"2016-06-06T06:00:57","guid":{"rendered":"https:\/\/dailynewshungary.com\/de\/ungarn-unterstutzt-eg-masnahmen-gegen-illegalen-handel-mit-wildtieren\/"},"modified":"2016-06-06T08:00:57","modified_gmt":"2016-06-06T06:00:57","slug":"ungarn-unterstutzt-eg-masnahmen-gegen-illegalen-handel-mit-wildtieren","status":"publish","type":"post","link":"https:\/\/dailynewshungary.com\/de\/ungarn-unterstutzt-eg-masnahmen-gegen-illegalen-handel-mit-wildtieren\/","title":{"rendered":"Ungarn unterst\u00fctzt EG-Ma\u00dfnahmen gegen illegalen Handel mit Wildtieren"},"content":{"rendered":"<p><strong>Budapest, 5. Juni (MTI) \u2013 Ungarn unterst\u00fctzt und setzt sich f\u00fcr die Umsetzung des k\u00fcrzlich von der Europ\u00e4ischen Kommission vorgeschlagenen Aktionsplans zur Bek\u00e4mpfung des illegalen Wildtierhandels ein, teilte das Landwirtschaftsministerium am Sonntag mit.<\/strong><\/p>\n<p>Ungarn verbietet die Einreise illegaler Transitsendungen in die Europ\u00e4ische Union und inspiziert regelm\u00e4\u00dfig importierte Wildtierprodukte, teilte das Ministerium anl\u00e4sslich des Weltumwelttags mit.<\/p>\n<p>Ungarn ist seit 1985 Mitglied des UN-Artenschutz\u00fcbereinkommens (CITES).Das Ministerium erkl\u00e4rte, es sei konsequent bei der Umsetzung der Vertragsregeln in Zusammenarbeit mit Regierungsinstitutionen, der nationalen Steuerbeh\u00f6rde, der Polizei und der Beh\u00f6rde f\u00fcr Tier &#8211; und Pflanzengesundheit.<\/p>\n<p><em>Foto: Bal\u00e1zs B\u00e9li<\/em><\/p>\n","protected":false},"excerpt":{"rendered":"<p>Budapest, 5. Juni (MTI) \u2013 Ungarn unterst\u00fctzt und setzt sich f\u00fcr die Umsetzung des k\u00fcrzlich von der Europ\u00e4ischen Kommission vorgeschlagenen Aktionsplans zur Bek\u00e4mpfung des illegalen Wildtierhandels ein, teilte das Landwirtschaftsministerium am Sonntag mit. Ungarn verbietet die Einreise illegaler Transitsendungen in die Europ\u00e4ische Union und inspiziert regelm\u00e4\u00dfig importierte Wildtierprodukte, teilte das Ministerium anl\u00e4sslich des Weltumwelttags mit. [&hellip;]<\/p>\n","protected":false},"author":2,"featured_media":757674,"comment_status":"open","ping_status":"open","sticky":false,"template":"","format":"standard","meta":{"_acf_changed":false,"_display_image":"","footnotes":""},"categories":[1281],"tags":[1066],"class_list":["post-757673","post","type-post","status-publish","format-standard","has-post-thumbnail","hentry","category-geschaft","tag-hungary"],"blocksy_meta":[],"acf":[],"author_username":"alk","telegram_post":"","public_post_metadata":{"breaking_news":"","important":"","csempe":"","center_tile":"","disable_thumbnail":"","target_lang":"","_featured_image_style":"","telegram_post":"","_xlat_group_id":""},"public_rank_math_data":{"title":"%title% %sep% %sitename%","description":"","focus_keyword":"","canonical_url":"","robots":"","primary_category":"1281","breadcrumb_title":"","facebook_title":"","facebook_description":"","facebook_image":"","facebook_image_id":"","twitter_title":"","twitter_description":"","twitter_image":"","twitter_image_id":"","twitter_card_type":"","twitter_use_facebook":"","advanced_robots":"","pillar_content":"","seo_score":"","contentai_score":"","rich_snippet":""},"_links":{"self":[{"href":"https:\/\/dailynewshungary.com\/de\/wp-json\/wp\/v2\/posts\/757673","targetHints":{"allow":["GET"]}}],"collection":[{"href":"https:\/\/dailynewshungary.com\/de\/wp-json\/wp\/v2\/posts"}],"about":[{"href":"https:\/\/dailynewshungary.com\/de\/wp-json\/wp\/v2\/types\/post"}],"author":[{"embeddable":true,"href":"https:\/\/dailynewshungary.com\/de\/wp-json\/wp\/v2\/users\/2"}],"replies":[{"embeddable":true,"href":"https:\/\/dailynewshungary.com\/de\/wp-json\/wp\/v2\/comments?post=757673"}],"version-history":[{"count":0,"href":"https:\/\/dailynewshungary.com\/de\/wp-json\/wp\/v2\/posts\/757673\/revisions"}],"wp:featuredmedia":[{"embeddable":true,"href":"https:\/\/dailynewshungary.com\/de\/wp-json\/wp\/v2\/media\/757674"}],"wp:attachment":[{"href":"https:\/\/dailynewshungary.com\/de\/wp-json\/wp\/v2\/media?parent=757673"}],"wp:term":[{"taxonomy":"category","embeddable":true,"href":"https:\/\/dailynewshungary.com\/de\/wp-json\/wp\/v2\/categories?post=757673"},{"taxonomy":"post_tag","embeddable":true,"href":"https:\/\/dailynewshungary.com\/de\/wp-json\/wp\/v2\/tags?post=757673"}],"curies":[{"name":"wp","href":"https:\/\/api.w.org\/{rel}","templated":true}]}}