{"id":757692,"date":"2016-06-05T09:30:18","date_gmt":"2016-06-05T07:30:18","guid":{"rendered":"https:\/\/dailynewshungary.com\/de\/umfrage-ungarn-kritisieren-die-eu-wollen-aber-nicht-aus-dem-block-austreten\/"},"modified":"2016-06-05T09:30:18","modified_gmt":"2016-06-05T07:30:18","slug":"umfrage-ungarn-kritisieren-die-eu-wollen-aber-nicht-aus-dem-block-austreten","status":"publish","type":"post","link":"https:\/\/dailynewshungary.com\/de\/umfrage-ungarn-kritisieren-die-eu-wollen-aber-nicht-aus-dem-block-austreten\/","title":{"rendered":"Umfrage \u2013 Ungarn kritisieren die EU, wollen aber nicht aus dem Block austreten"},"content":{"rendered":"<p><strong>Budapest (MTI) (Obwohl Ungarn die Europ\u00e4ische Union kritisieren, stellen sie sich die Zukunft ihres Landes als Teil der Gemeinschaft vor, hei\u00dft es in einer von Policy Solutions durchgef\u00fchrten Umfrage unter Verwendung von Daten aus dem Eurobarometer, die von der Tageszeitung Nepsabads\u00e1g ver\u00f6ffentlicht wird.<\/strong><\/p>\n<p>Dennoch habe sich das Vertrauen in die Europ\u00e4ische Union in Ungarn in den vergangenen f\u00fcnf Jahren abgeschw\u00e4cht, wie die Umfrage zeigt.<\/p>\n<p>Die Mehrheit der Ungarn vertraut dem Europ\u00e4ischen Parlament mehr als der ungarischen Nationalversammlung, Regierung und politischen Parteien, w\u00e4hrend 70 Prozent der Europ\u00e4er gleichzeitig eine gemeinsame Migrationspolitik f\u00fcr n\u00f6tig halten, liegt diese Quote in Ungarn bei gerade einmal 55 Prozent.<\/p>\n<p>Etwa die H\u00e4lfte der Ungarn bef\u00fcrworte die Einf\u00fchrung des Euro, sagte N\u00e9pszabads\u00e1g auf der Grundlage der Umfrage.<\/p>\n","protected":false},"excerpt":{"rendered":"<p>Budapest (MTI) (Obwohl Ungarn die Europ\u00e4ische Union kritisieren, stellen sie sich die Zukunft ihres Landes als Teil der Gemeinschaft vor, hei\u00dft es in einer von Policy Solutions durchgef\u00fchrten Umfrage unter Verwendung von Daten aus dem Eurobarometer, die von der Tageszeitung Nepsabads\u00e1g ver\u00f6ffentlicht wird. Dennoch habe sich das Vertrauen in die Europ\u00e4ische Union in Ungarn in [&hellip;]<\/p>\n","protected":false},"author":2,"featured_media":757693,"comment_status":"open","ping_status":"open","sticky":false,"template":"","format":"standard","meta":{"_acf_changed":false,"_display_image":"","footnotes":""},"categories":[1081],"tags":[1082,1139],"class_list":["post-757692","post","type-post","status-publish","format-standard","has-post-thumbnail","hentry","category-politik","tag-europaische-union","tag-umfrage"],"blocksy_meta":[],"acf":[],"author_username":"alk","telegram_post":"","public_post_metadata":{"breaking_news":"","important":"","csempe":"","center_tile":"","disable_thumbnail":"","target_lang":"","_featured_image_style":"","telegram_post":"","_xlat_group_id":""},"public_rank_math_data":{"title":"%title% %sep% %sitename%","description":"","focus_keyword":"","canonical_url":"","robots":"","primary_category":"1081","breadcrumb_title":"","facebook_title":"","facebook_description":"","facebook_image":"","facebook_image_id":"","twitter_title":"","twitter_description":"","twitter_image":"","twitter_image_id":"","twitter_card_type":"","twitter_use_facebook":"","advanced_robots":"","pillar_content":"","seo_score":"","contentai_score":"","rich_snippet":""},"_links":{"self":[{"href":"https:\/\/dailynewshungary.com\/de\/wp-json\/wp\/v2\/posts\/757692","targetHints":{"allow":["GET"]}}],"collection":[{"href":"https:\/\/dailynewshungary.com\/de\/wp-json\/wp\/v2\/posts"}],"about":[{"href":"https:\/\/dailynewshungary.com\/de\/wp-json\/wp\/v2\/types\/post"}],"author":[{"embeddable":true,"href":"https:\/\/dailynewshungary.com\/de\/wp-json\/wp\/v2\/users\/2"}],"replies":[{"embeddable":true,"href":"https:\/\/dailynewshungary.com\/de\/wp-json\/wp\/v2\/comments?post=757692"}],"version-history":[{"count":0,"href":"https:\/\/dailynewshungary.com\/de\/wp-json\/wp\/v2\/posts\/757692\/revisions"}],"wp:featuredmedia":[{"embeddable":true,"href":"https:\/\/dailynewshungary.com\/de\/wp-json\/wp\/v2\/media\/757693"}],"wp:attachment":[{"href":"https:\/\/dailynewshungary.com\/de\/wp-json\/wp\/v2\/media?parent=757692"}],"wp:term":[{"taxonomy":"category","embeddable":true,"href":"https:\/\/dailynewshungary.com\/de\/wp-json\/wp\/v2\/categories?post=757692"},{"taxonomy":"post_tag","embeddable":true,"href":"https:\/\/dailynewshungary.com\/de\/wp-json\/wp\/v2\/tags?post=757692"}],"curies":[{"name":"wp","href":"https:\/\/api.w.org\/{rel}","templated":true}]}}