{"id":757714,"date":"2016-06-04T08:00:20","date_gmt":"2016-06-04T06:00:20","guid":{"rendered":"https:\/\/dailynewshungary.com\/de\/sozialisten-kritisieren-verschwenderische-ausgaben\/"},"modified":"2016-06-04T08:00:20","modified_gmt":"2016-06-04T06:00:20","slug":"sozialisten-kritisieren-verschwenderische-ausgaben","status":"publish","type":"post","link":"https:\/\/dailynewshungary.com\/de\/sozialisten-kritisieren-verschwenderische-ausgaben\/","title":{"rendered":"Sozialisten kritisieren \u201everschwenderische Ausgaben\u2019"},"content":{"rendered":"<p><strong>Budapest, 3. Juni (MTI) \u2013 Die oppositionellen Sozialisten haben am Freitag die regierende Fidesz-Partei wegen einer ihrer Meinung nach wirtschaftlichen Abschw\u00e4chung in Ungarn in Verbindung mit der geringen Finanzierung \u00f6ffentlicher Dienstleistungen ver\u00e4rgert.<\/strong><\/p>\n<p>\u201cW\u00e4hrend mit Premierminister Viktor Orb\u00e1n und seinen Freunden verbundene Unternehmen mit 35-40 Prozent Gewinn arbeiten, werden die Entwicklungen im \u00f6ffentlichen Sektor und die Investitionen in Krankenh\u00e4user, Schulen und soziale Einrichtungen in \u00e4hnlichem Ma\u00dfe reduziert\u201d, sagte Parteichef J\u00f3zsef T\u00f3bi\u00e1s.<\/p>\n<p>Der Regierung gehe es nur darum, die Menschen zu unterst\u00fctzen, die sie bevorzuge, und die sich verschlechternde Wirtschaftsleistung des Landes sei ein Ergebnis der \u201ekorrupten Wirtschaftspolitik des Fidesz\u201cf\u00fcgte er hinzu.<\/p>\n<p>Die Regierungspartei Fidesz antwortete, Ungarn sei seit seiner Macht\u00fcbernahme 2010 \u201cwieder auf die Beine gekommen\u201d Die Partei sagte in einer Stellungnahme, die Arbeitslosenquote sei von 12 Prozent im Laufe der vergangenen sechs Jahre unter 6 Prozent gesunken, die f\u00fcnftniedrigste Quote in der EUDer Privatsektor f\u00fcge kontinuierlich Arbeitspl\u00e4tze hinzu und auch das Vertrauen der Investoren in Ungarn sei zur\u00fcckgekehrt.<\/p>\n<p>Fidesz sagte, die Regierung habe Ungarn wieder auf einen Wachstumspfad gebracht, der es ihm erm\u00f6glicht habe, die Sozialausgaben zu erh\u00f6hen. Die Regierung habe Steuern gesenkt, Subventionsprogramme f\u00fcr die Schaffung von Eigenheimen gestartet und mit der Erh\u00f6hung der L\u00f6hne begonnen, sagte Fidesz.<\/p>\n","protected":false},"excerpt":{"rendered":"<p>Budapest, 3. Juni (MTI) \u2013 Die oppositionellen Sozialisten haben am Freitag die regierende Fidesz-Partei wegen einer ihrer Meinung nach wirtschaftlichen Abschw\u00e4chung in Ungarn in Verbindung mit der geringen Finanzierung \u00f6ffentlicher Dienstleistungen ver\u00e4rgert. \u201cW\u00e4hrend mit Premierminister Viktor Orb\u00e1n und seinen Freunden verbundene Unternehmen mit 35-40 Prozent Gewinn arbeiten, werden die Entwicklungen im \u00f6ffentlichen Sektor und die [&hellip;]<\/p>\n","protected":false},"author":2,"featured_media":757715,"comment_status":"open","ping_status":"open","sticky":false,"template":"","format":"standard","meta":{"_acf_changed":false,"_display_image":"","footnotes":""},"categories":[1281],"tags":[1091,1695,1104],"class_list":["post-757714","post","type-post","status-publish","format-standard","has-post-thumbnail","hentry","category-geschaft","tag-fidesz","tag-sozialisten","tag-wirtschaft"],"blocksy_meta":[],"acf":[],"author_username":"alk","telegram_post":"","public_post_metadata":{"breaking_news":"","important":"","csempe":"","center_tile":"","disable_thumbnail":"","target_lang":"","_featured_image_style":"","telegram_post":"","_xlat_group_id":""},"public_rank_math_data":{"title":"%title% %sep% %sitename%","description":"","focus_keyword":"","canonical_url":"","robots":"","primary_category":"1281","breadcrumb_title":"","facebook_title":"","facebook_description":"","facebook_image":"","facebook_image_id":"","twitter_title":"","twitter_description":"","twitter_image":"","twitter_image_id":"","twitter_card_type":"","twitter_use_facebook":"","advanced_robots":"","pillar_content":"","seo_score":"","contentai_score":"","rich_snippet":""},"_links":{"self":[{"href":"https:\/\/dailynewshungary.com\/de\/wp-json\/wp\/v2\/posts\/757714","targetHints":{"allow":["GET"]}}],"collection":[{"href":"https:\/\/dailynewshungary.com\/de\/wp-json\/wp\/v2\/posts"}],"about":[{"href":"https:\/\/dailynewshungary.com\/de\/wp-json\/wp\/v2\/types\/post"}],"author":[{"embeddable":true,"href":"https:\/\/dailynewshungary.com\/de\/wp-json\/wp\/v2\/users\/2"}],"replies":[{"embeddable":true,"href":"https:\/\/dailynewshungary.com\/de\/wp-json\/wp\/v2\/comments?post=757714"}],"version-history":[{"count":0,"href":"https:\/\/dailynewshungary.com\/de\/wp-json\/wp\/v2\/posts\/757714\/revisions"}],"wp:featuredmedia":[{"embeddable":true,"href":"https:\/\/dailynewshungary.com\/de\/wp-json\/wp\/v2\/media\/757715"}],"wp:attachment":[{"href":"https:\/\/dailynewshungary.com\/de\/wp-json\/wp\/v2\/media?parent=757714"}],"wp:term":[{"taxonomy":"category","embeddable":true,"href":"https:\/\/dailynewshungary.com\/de\/wp-json\/wp\/v2\/categories?post=757714"},{"taxonomy":"post_tag","embeddable":true,"href":"https:\/\/dailynewshungary.com\/de\/wp-json\/wp\/v2\/tags?post=757714"}],"curies":[{"name":"wp","href":"https:\/\/api.w.org\/{rel}","templated":true}]}}