{"id":757864,"date":"2016-05-30T14:42:11","date_gmt":"2016-05-30T12:42:11","guid":{"rendered":"https:\/\/dailynewshungary.com\/de\/raucherquote-in-ungarn-gesunken\/"},"modified":"2016-05-30T14:42:11","modified_gmt":"2016-05-30T12:42:11","slug":"raucherquote-in-ungarn-gesunken","status":"publish","type":"post","link":"https:\/\/dailynewshungary.com\/de\/raucherquote-in-ungarn-gesunken\/","title":{"rendered":"Raucherquote in Ungarn gesunken"},"content":{"rendered":"<p><strong>Budapest, 30. Mai (MTI) \u2013 Die landesweite Raucherquote in Ungarn ist in den letzten Jahren zur\u00fcckgegangen, aber die Zahl junger Raucher ist gestiegen, sagte der Staatssekret\u00e4r f\u00fcr Gesundheitswesen am Montag.<\/strong><\/p>\n<p>Bei einer Pressekonferenz anl\u00e4sslich des bevorstehenden Weltnichtrauchertags nannte Zolt\u00e1n \u00d3nodi-Sz.cs das Gesetz zum Schutz von Nichtrauchern eine der \u201cgr\u00f6\u00dften Errungenschaften\u201d der vergangenen Jahre.<\/p>\n<p>Er wies darauf hin, dass neue Vorschriften, die Anfang dieses Monats in Kraft getreten seien, die gleichen Beschr\u00e4nkungen f\u00fcr elektronische Zigaretten vorsehen, die auch f\u00fcr herk\u00f6mmliche Tabakerzeugnisse gelten.<\/p>\n<p>Rauchbeschr\u00e4nkungen h\u00e4tten nicht zu einem R\u00fcckgang der Einnahmen im Tourismussektor gef\u00fchrt, sagte er und f\u00fcgte hinzu, dass die Regierung 80 bis 90 Milliarden Forint (254,7 Mio. EUR bis 286,5 Mio. EUR) mehr f\u00fcr die Behandlung rauchbedingter Krankheiten ausgibt als die Steuereinnahmen, die sie erh\u00e4lt aus Tabakprodukten.<\/p>\n<p>Zs\u00f3fia Pusztai, Leiterin des ungarischen B\u00fcros der Weltgesundheitsorganisation, sagte, dass die Raucherquote im Jahr 2009 bei M\u00e4nnern 44,3 Prozent und bei Frauen 34,1 Prozent betrug. Diese Raten gingen bis 2014 auf 41,7 Prozent bzw. 28,5 Prozent zur\u00fcck.<\/p>\n<p>Sie sagte, der diesj\u00e4hrige Weltnichtrauchertag, der am 31. Mai abgehalten wird, werde sich darauf konzentrieren, die WHO-Mitgliedstaaten auf die Einf\u00fchrung einer einheitlichen Verpackung f\u00fcr Zigaretten vorzubereiten Die Verpackungen d\u00fcrfen nur den Markennamen und den Zigarettentyp mit identischen Schriftarten anzeigen und der gr\u00f6\u00dfte Teil des Platzes auf der Packung wird von Gesundheitswarnungen und Bildern eingenommen, die Menschen vom Rauchen abhalten sollen.<\/p>\n","protected":false},"excerpt":{"rendered":"<p>Budapest, 30. Mai (MTI) \u2013 Die landesweite Raucherquote in Ungarn ist in den letzten Jahren zur\u00fcckgegangen, aber die Zahl junger Raucher ist gestiegen, sagte der Staatssekret\u00e4r f\u00fcr Gesundheitswesen am Montag. Bei einer Pressekonferenz anl\u00e4sslich des bevorstehenden Weltnichtrauchertags nannte Zolt\u00e1n \u00d3nodi-Sz.cs das Gesetz zum Schutz von Nichtrauchern eine der \u201cgr\u00f6\u00dften Errungenschaften\u201d der vergangenen Jahre. Er wies [&hellip;]<\/p>\n","protected":false},"author":2,"featured_media":757865,"comment_status":"open","ping_status":"open","sticky":false,"template":"","format":"standard","meta":{"_acf_changed":false,"_display_image":"","footnotes":""},"categories":[1098],"tags":[1107],"class_list":["post-757864","post","type-post","status-publish","format-standard","has-post-thumbnail","hentry","category-gesellschaft","tag-gesundheit"],"blocksy_meta":[],"acf":[],"author_username":"alk","telegram_post":"","public_post_metadata":{"breaking_news":"","important":"","csempe":"","center_tile":"","disable_thumbnail":"","target_lang":"","_featured_image_style":"","telegram_post":"","_xlat_group_id":""},"public_rank_math_data":{"title":"%title% %sep% %sitename%","description":"","focus_keyword":"","canonical_url":"","robots":"","primary_category":"1098","breadcrumb_title":"","facebook_title":"","facebook_description":"","facebook_image":"","facebook_image_id":"","twitter_title":"","twitter_description":"","twitter_image":"","twitter_image_id":"","twitter_card_type":"","twitter_use_facebook":"","advanced_robots":"","pillar_content":"","seo_score":"","contentai_score":"","rich_snippet":""},"_links":{"self":[{"href":"https:\/\/dailynewshungary.com\/de\/wp-json\/wp\/v2\/posts\/757864","targetHints":{"allow":["GET"]}}],"collection":[{"href":"https:\/\/dailynewshungary.com\/de\/wp-json\/wp\/v2\/posts"}],"about":[{"href":"https:\/\/dailynewshungary.com\/de\/wp-json\/wp\/v2\/types\/post"}],"author":[{"embeddable":true,"href":"https:\/\/dailynewshungary.com\/de\/wp-json\/wp\/v2\/users\/2"}],"replies":[{"embeddable":true,"href":"https:\/\/dailynewshungary.com\/de\/wp-json\/wp\/v2\/comments?post=757864"}],"version-history":[{"count":0,"href":"https:\/\/dailynewshungary.com\/de\/wp-json\/wp\/v2\/posts\/757864\/revisions"}],"wp:featuredmedia":[{"embeddable":true,"href":"https:\/\/dailynewshungary.com\/de\/wp-json\/wp\/v2\/media\/757865"}],"wp:attachment":[{"href":"https:\/\/dailynewshungary.com\/de\/wp-json\/wp\/v2\/media?parent=757864"}],"wp:term":[{"taxonomy":"category","embeddable":true,"href":"https:\/\/dailynewshungary.com\/de\/wp-json\/wp\/v2\/categories?post=757864"},{"taxonomy":"post_tag","embeddable":true,"href":"https:\/\/dailynewshungary.com\/de\/wp-json\/wp\/v2\/tags?post=757864"}],"curies":[{"name":"wp","href":"https:\/\/api.w.org\/{rel}","templated":true}]}}