{"id":757955,"date":"2016-05-27T06:31:07","date_gmt":"2016-05-27T04:31:07","guid":{"rendered":"https:\/\/dailynewshungary.com\/de\/dk-chef-fuhrt-gesprache-mit-hochrangigen-eu-beamten-in-brussel\/"},"modified":"2016-05-27T06:31:07","modified_gmt":"2016-05-27T04:31:07","slug":"dk-chef-fuhrt-gesprache-mit-hochrangigen-eu-beamten-in-brussel","status":"publish","type":"post","link":"https:\/\/dailynewshungary.com\/de\/dk-chef-fuhrt-gesprache-mit-hochrangigen-eu-beamten-in-brussel\/","title":{"rendered":"DK-Chef f\u00fchrt Gespr\u00e4che mit hochrangigen EU-Beamten in Br\u00fcssel"},"content":{"rendered":"<p><strong>Br\u00fcssel, den 26. Mai (MTI) \u201eDie Migrationskrise, die wirtschaftlichen Probleme Griechenlands, der Brexit und die \u201eWertekrise\u201csind f\u00fcr die Europ\u00e4ische Union ernsthafte Herausforderungen, die sie gleichzeitig bew\u00e4ltigen muss, sagte der Vorsitzende der ungarischen Oppositionspartei \u201eDemokratische Koalition (DK)\u201d nach Gespr\u00e4chen mit EU-Kommissaren und Ausschussvorsitzenden am Donnerstag in Br\u00fcssel.<\/strong><\/p>\n<p>Ferenc Gyurcs\u00e1ny f\u00fchrte Gespr\u00e4che mit den f\u00fcr Justiz und Gesundheitsangelegenheiten zust\u00e4ndigen Kommissaren, den Pr\u00e4sidenten des Ausschusses f\u00fcr ausw\u00e4rtige Angelegenheiten und des Ausschusses f\u00fcr innere und justizielle Angelegenheiten des Europ\u00e4ischen Parlaments sowie dem Vorsitzenden des Wirtschafts- und Sozialausschusses der EU.<\/p>\n<p>Er sagte Reportern, dass er das EU-T\u00fcrkei-Abkommen \u00fcber Migranten f\u00fcr die gr\u00f6\u00dfte Herausforderung halte, vor der die EU stehe.<\/p>\n<p>Es sei eine ernste Frage, ob eine Zusammenarbeit mit einem Land m\u00f6glich sei, in dem die Menschenrechte in einem inakzeptablen Ausma\u00df eingeschr\u00e4nkt w\u00fcrden, sagte er und f\u00fcgte hinzu, dass das Abkommen \u201ein die Luft gehen und selbst zusammenbrechen\u201ckann.<\/p>\n<p>Er sagte, die Fl\u00fcchtlingskrise k\u00f6nne nicht ganz der L\u00f6sung Deutschlands \u00fcberlassen werden und kritisierte die ungarische Regierung wegen mangelnder Solidarit\u00e4t.<\/p>\n<p>\u201cDie aktuelle Politik der Regierung k\u00f6nnte kurzfristige innenpolitische Gewinne bringen, wird aber langfristig dramatische Folgen haben\u201d, sagte der ehemalige sozialistische Premierminister.<\/p>\n","protected":false},"excerpt":{"rendered":"<p>Br\u00fcssel, den 26. Mai (MTI) \u201eDie Migrationskrise, die wirtschaftlichen Probleme Griechenlands, der Brexit und die \u201eWertekrise\u201csind f\u00fcr die Europ\u00e4ische Union ernsthafte Herausforderungen, die sie gleichzeitig bew\u00e4ltigen muss, sagte der Vorsitzende der ungarischen Oppositionspartei \u201eDemokratische Koalition (DK)\u201d nach Gespr\u00e4chen mit EU-Kommissaren und Ausschussvorsitzenden am Donnerstag in Br\u00fcssel. Ferenc Gyurcs\u00e1ny f\u00fchrte Gespr\u00e4che mit den f\u00fcr Justiz und [&hellip;]<\/p>\n","protected":false},"author":2,"featured_media":757956,"comment_status":"open","ping_status":"open","sticky":false,"template":"","format":"standard","meta":{"_acf_changed":false,"_display_image":"","footnotes":""},"categories":[1081],"tags":[1222,1082],"class_list":["post-757955","post","type-post","status-publish","format-standard","has-post-thumbnail","hentry","category-politik","tag-demokratische-koalition","tag-europaische-union"],"blocksy_meta":[],"acf":[],"author_username":"alk","telegram_post":"","public_post_metadata":{"breaking_news":"","important":"","csempe":"","center_tile":"","disable_thumbnail":"","target_lang":"","_featured_image_style":"","telegram_post":"","_xlat_group_id":""},"public_rank_math_data":{"title":"%title% %sep% %sitename%","description":"","focus_keyword":"","canonical_url":"","robots":"","primary_category":"1081","breadcrumb_title":"","facebook_title":"","facebook_description":"","facebook_image":"","facebook_image_id":"","twitter_title":"","twitter_description":"","twitter_image":"","twitter_image_id":"","twitter_card_type":"","twitter_use_facebook":"","advanced_robots":"","pillar_content":"","seo_score":"","contentai_score":"","rich_snippet":""},"_links":{"self":[{"href":"https:\/\/dailynewshungary.com\/de\/wp-json\/wp\/v2\/posts\/757955","targetHints":{"allow":["GET"]}}],"collection":[{"href":"https:\/\/dailynewshungary.com\/de\/wp-json\/wp\/v2\/posts"}],"about":[{"href":"https:\/\/dailynewshungary.com\/de\/wp-json\/wp\/v2\/types\/post"}],"author":[{"embeddable":true,"href":"https:\/\/dailynewshungary.com\/de\/wp-json\/wp\/v2\/users\/2"}],"replies":[{"embeddable":true,"href":"https:\/\/dailynewshungary.com\/de\/wp-json\/wp\/v2\/comments?post=757955"}],"version-history":[{"count":0,"href":"https:\/\/dailynewshungary.com\/de\/wp-json\/wp\/v2\/posts\/757955\/revisions"}],"wp:featuredmedia":[{"embeddable":true,"href":"https:\/\/dailynewshungary.com\/de\/wp-json\/wp\/v2\/media\/757956"}],"wp:attachment":[{"href":"https:\/\/dailynewshungary.com\/de\/wp-json\/wp\/v2\/media?parent=757955"}],"wp:term":[{"taxonomy":"category","embeddable":true,"href":"https:\/\/dailynewshungary.com\/de\/wp-json\/wp\/v2\/categories?post=757955"},{"taxonomy":"post_tag","embeddable":true,"href":"https:\/\/dailynewshungary.com\/de\/wp-json\/wp\/v2\/tags?post=757955"}],"curies":[{"name":"wp","href":"https:\/\/api.w.org\/{rel}","templated":true}]}}