{"id":757969,"date":"2016-05-26T16:46:42","date_gmt":"2016-05-26T14:46:42","guid":{"rendered":"https:\/\/dailynewshungary.com\/de\/ungarn-lehnt-52-000-antrage-auf-umsiedlung-von-migranten-aus-der-eu-ab-aktualisierung\/"},"modified":"2016-05-26T16:46:42","modified_gmt":"2016-05-26T14:46:42","slug":"ungarn-lehnt-52-000-antrage-auf-umsiedlung-von-migranten-aus-der-eu-ab-aktualisierung","status":"publish","type":"post","link":"https:\/\/dailynewshungary.com\/de\/ungarn-lehnt-52-000-antrage-auf-umsiedlung-von-migranten-aus-der-eu-ab-aktualisierung\/","title":{"rendered":"Ungarn lehnt 52.000 Antr\u00e4ge auf Umsiedlung von Migranten aus der EU ab \u2013 AKTUALISIERUNG"},"content":{"rendered":"<p><strong>Budapest, 26. Mai (MTI) \u2013 Ungarn wird Antr\u00e4ge von Mitgliedstaaten der Europ\u00e4ischen Union auf Umsiedlung von Migranten hierher ablehnen, sagte Regierungsamtsleiter J\u00e1nos L\u00e1z\u00e1r.<\/strong><\/p>\n<p>\u201cNiemand kann nach Ungarn umgesiedelt werden, Menschen m\u00fcssen nach Griechenland geschickt werden\u201d, sagte er am Donnerstag zu seiner regelm\u00e4\u00dfigen w\u00f6chentlichen Pressekonferenz.<\/p>\n<p>Die Mitgliedstaaten haben insgesamt Pl\u00e4ne zur Umsiedlung von 52 000 Migranten nach Ungarn, die meisten davon aus Deutschland, angedeutet Ungarn hat allen seinen Partnern mitgeteilt, da\u00df diese Migranten, wenn sie \u00fcber Griechenland nach Europa gelangt w\u00e4ren, auch dann dorthin zur\u00fcckgeschickt werden m\u00fcssen, wenn sie dort nicht registriert w\u00e4ren.<\/p>\n<p>L\u00e1z\u00e1r sagte, es sei eine Frage, wie es m\u00f6glich sei, dass die EU mit der T\u00fcrkei einverstanden sei, da sie sie f\u00fcr ein sicheres Land halte, nicht jedoch mit Griechenland.<\/p>\n<p>Ungarn zu beschuldigen, nur ungern zu helfen, sei \u201cunfair\u201d, sagte L\u00e1z\u00e1r, und beharrte darauf, dass das Land nur 2016 300 Migranten politisches Asyl zugesichert habe. Er stellte fest, dass sich weniger als 10 Prozent der Migranten, die nach Ungarn einreisen wollten, als Syrer deklarierten.<\/p>\n<p>Der Minister sagte, dass \u201cUngarn keine Einwanderer braucht\u201d und argumentierte, dass, wenn das Land mehr Arbeitskr\u00e4fte br\u00e4uchte, \u201ces jungen Menschen helfen w\u00fcrde, mehr Kinder zu bekommen\u201d oder Arbeitssuchende \u201caus den ehemaligen ungarischen Gebieten\u201d einladen w\u00fcrde.<\/p>\n<p>Bez\u00fcglich kritischer \u00c4u\u00dferungen des ehemaligen US-Pr\u00e4sidenten Bill Clinton sagte Lazar, Ungarn sei an guten Beziehungen zu den USA interessiert, verglich Clintons Worte jedoch mit einem \u201cSchlag ins Gesicht\u201d, den Ungarn nicht \u201cpassieren lassen\u201d k\u00f6nne.<\/p>\n<p>Was George Soros betrifft, sagte Lazar, dass der amerikanische Finanzier Ungarn \u201eals ein Land betrachtet, das die Einwanderung blockiert, von dem er glaubt, dass es Europa helfen w\u00fcrde\u201c\u201c\u201c\u201eSoros hat sich als direkte Opposition gegen die Regierung von Viktor Orban identifiziert\u201d, f\u00fcgte Lazar hinzu.<\/p>\n<p>Auf der Pressekonferenz wurde Regierungssprecher Zoltan Kovacs nach einem Soros-Stipendium gefragt, das er zuvor erhalten hatteDer Sprecher sagte, er habe \u201ckeine Stipendien mit einer Klausel im Anhang\u201d erhalten, um festzulegen, welche politischen Ansichten er haben sollteEr f\u00fcgte hinzu, dass sein Privatleben vor 2010 seitdem \u201cnichts zu tun\u201d habe mit seinen politischen Aktivit\u00e4ten.<\/p>\n<p>Zum gleichen Thema habe Lazar den Premierminister konsultiert, der auch Soros-Stipendiat gewesen sei \u201cWenn das ein Problem ist und Soros das Geld braucht\u201d, seien alle Fidesz-Politiker und Regierungsbeamten bereit, die Stipendien zur\u00fcckzuerstatten, zitierte Lazar Orban.<\/p>\n","protected":false},"excerpt":{"rendered":"<p>Budapest, 26. Mai (MTI) \u2013 Ungarn wird Antr\u00e4ge von Mitgliedstaaten der Europ\u00e4ischen Union auf Umsiedlung von Migranten hierher ablehnen, sagte Regierungsamtsleiter J\u00e1nos L\u00e1z\u00e1r. \u201cNiemand kann nach Ungarn umgesiedelt werden, Menschen m\u00fcssen nach Griechenland geschickt werden\u201d, sagte er am Donnerstag zu seiner regelm\u00e4\u00dfigen w\u00f6chentlichen Pressekonferenz. Die Mitgliedstaaten haben insgesamt Pl\u00e4ne zur Umsiedlung von 52 000 Migranten [&hellip;]<\/p>\n","protected":false},"author":2,"featured_media":757970,"comment_status":"open","ping_status":"open","sticky":false,"template":"","format":"standard","meta":{"_acf_changed":false,"_display_image":"","footnotes":""},"categories":[1081],"tags":[1082,1871,1445],"class_list":["post-757969","post","type-post","status-publish","format-standard","has-post-thumbnail","hentry","category-politik","tag-europaische-union","tag-migrantenquoten","tag-migration"],"blocksy_meta":[],"acf":[],"author_username":"alk","telegram_post":"","public_post_metadata":{"breaking_news":"","important":"","csempe":"","center_tile":"","disable_thumbnail":"","target_lang":"","_featured_image_style":"","telegram_post":"","_xlat_group_id":""},"public_rank_math_data":{"title":"%title% %sep% %sitename%","description":"","focus_keyword":"Migration","canonical_url":"","robots":"","primary_category":"1081","breadcrumb_title":"","facebook_title":"","facebook_description":"","facebook_image":"","facebook_image_id":"","twitter_title":"","twitter_description":"","twitter_image":"","twitter_image_id":"","twitter_card_type":"","twitter_use_facebook":"","advanced_robots":"","pillar_content":"","seo_score":"11","contentai_score":"","rich_snippet":""},"_links":{"self":[{"href":"https:\/\/dailynewshungary.com\/de\/wp-json\/wp\/v2\/posts\/757969","targetHints":{"allow":["GET"]}}],"collection":[{"href":"https:\/\/dailynewshungary.com\/de\/wp-json\/wp\/v2\/posts"}],"about":[{"href":"https:\/\/dailynewshungary.com\/de\/wp-json\/wp\/v2\/types\/post"}],"author":[{"embeddable":true,"href":"https:\/\/dailynewshungary.com\/de\/wp-json\/wp\/v2\/users\/2"}],"replies":[{"embeddable":true,"href":"https:\/\/dailynewshungary.com\/de\/wp-json\/wp\/v2\/comments?post=757969"}],"version-history":[{"count":0,"href":"https:\/\/dailynewshungary.com\/de\/wp-json\/wp\/v2\/posts\/757969\/revisions"}],"wp:featuredmedia":[{"embeddable":true,"href":"https:\/\/dailynewshungary.com\/de\/wp-json\/wp\/v2\/media\/757970"}],"wp:attachment":[{"href":"https:\/\/dailynewshungary.com\/de\/wp-json\/wp\/v2\/media?parent=757969"}],"wp:term":[{"taxonomy":"category","embeddable":true,"href":"https:\/\/dailynewshungary.com\/de\/wp-json\/wp\/v2\/categories?post=757969"},{"taxonomy":"post_tag","embeddable":true,"href":"https:\/\/dailynewshungary.com\/de\/wp-json\/wp\/v2\/tags?post=757969"}],"curies":[{"name":"wp","href":"https:\/\/api.w.org\/{rel}","templated":true}]}}