{"id":758015,"date":"2016-05-25T06:40:57","date_gmt":"2016-05-25T04:40:57","guid":{"rendered":"https:\/\/dailynewshungary.com\/de\/konferenz-der-eu-sprecher-europa-in-der-krise-sagt-ungarns-sprecher-im-reprasentantenhaus\/"},"modified":"2016-05-25T06:40:57","modified_gmt":"2016-05-25T04:40:57","slug":"konferenz-der-eu-sprecher-europa-in-der-krise-sagt-ungarns-sprecher-im-reprasentantenhaus","status":"publish","type":"post","link":"https:\/\/dailynewshungary.com\/de\/konferenz-der-eu-sprecher-europa-in-der-krise-sagt-ungarns-sprecher-im-reprasentantenhaus\/","title":{"rendered":"Konferenz der EU-Sprecher \u2013 Europa in der Krise, sagt Ungarns Sprecher im Repr\u00e4sentantenhaus"},"content":{"rendered":"<p><strong>Br\u00fcssel, 24. Mai (MTI) 24. Mai \u201cDie Parlamentspr\u00e4sidenten des Mitgliedsstaates der Europ\u00e4ischen Union haben sich auf einer zweit\u00e4gigen Konferenz in Luxemburg darauf geeinigt, dass sich der Block in einer \u201cKrisenlage\u201d befindet, sagte der ungarische Sprecher des Repr\u00e4sentantenhauses L\u00e1sz\u00f3l\u00f3 K\u00f6v\u00e9r am Dienstag.<\/strong><\/p>\n<p>\u201cDas Vertrauen in die EU l\u00e4sst bei ihren B\u00fcrgern nach\u201d, sagte K\u00f6v\u00e9r gegen\u00fcber MTIEr argumentierte, dies sei durch das bevorstehende Brexit-Referendum und die j\u00fcngste niederl\u00e4ndische Abstimmung \u00fcber das Assoziierungsabkommen der Ukraine belegt worden.<\/p>\n<p><a href=\"https:\/\/dailynewshungary.com\/de\/konferenz-der-sprecher-des-eu-hauses-die-neuansiedlung-von-migranten-muss-freiwillig-sein-sagt-kover\/\" target=\"_blank\">KONFERENZ DER EU-REDNER DES HAUSES \u2013 DIE UMSIEDLUNG VON MIGRANTEN MUSS FREIWILLIG ERFOLGEN, SAGT K\u00d6V\u00c9R<\/a><\/p>\n<p>K\u00f6v\u00e9r bemerkte auch, dass bei der j\u00fcngsten Pr\u00e4sidentschaftswahl in \u00d6sterreich fast 50 Prozent f\u00fcr die extreme Rechte gestimmt h\u00e4tten, w\u00e4hrend Kandidaten der Regierungsparteien nicht einmal in den zweiten Wahlgang gekommen seien.<\/p>\n<blockquote>\n<p>\u201cAll dies zeigt, dass die EU ein riesiges Vertrauensdefizit hat, das auf eine falsche Handhabung der Migrantenkrise zur\u00fcckzuf\u00fchren ist\u201d, sagte K\u00f6v\u00e9r.<\/p>\n<\/blockquote>\n<p>Zum Abschlussdokument der Sitzung sagte K\u00f6v\u00e9r, es sei ein Versuch, \u201ceine Antwort auf Fragen zu finden, die Europa spalten\u201d Die Antwort der luxemburgischen Pr\u00e4sidentschaft sei ein Versuch gewesen, eine tiefere politische Integration zu f\u00f6rdern, doch das Abschlussdokument spiegele nun unterschiedliche Positionen wider, sagte erDie L\u00e4nder der Visegrad-Zusammenarbeit betonten ihre Meinung, dass verbindliche Quoten inakzeptabel seien, sagte K\u00f6v\u00e9r und f\u00fcgte hinzu, dass mehrere andere L\u00e4nder \u201csehr \u00e4hnliche Ansichten\u201d ge\u00e4u\u00dfert h\u00e4tten.<\/p>\n<p>K\u00f6v\u00e9r sagte auch, dass Parlamente \u201cder Nationalstaaten\u201d sich darauf geeinigt h\u00e4tten, enger zusammenzuarbeiten, um \u201ceine effizientere Haltung gegen\u00fcber Br\u00fcssel und den Institutionen der Europ\u00e4ischen Union zu vertreten\u201d.<\/p>\n<p>\u201eWas die Zukunft Europas betrifft, unterst\u00fctzt die Mehrheit der Parlamentarier die Zentralisierungsbem\u00fchungen Br\u00fcssels nicht\u201cbeharrte er darauf\u201d.<\/p>\n<p>K\u00f6v\u00e9r soll seine Gespr\u00e4che in London fortsetzen.<\/p>\n<p><em>Foto: MTI<\/em><\/p>\n","protected":false},"excerpt":{"rendered":"<p>Br\u00fcssel, 24. Mai (MTI) 24. Mai \u201cDie Parlamentspr\u00e4sidenten des Mitgliedsstaates der Europ\u00e4ischen Union haben sich auf einer zweit\u00e4gigen Konferenz in Luxemburg darauf geeinigt, dass sich der Block in einer \u201cKrisenlage\u201d befindet, sagte der ungarische Sprecher des Repr\u00e4sentantenhauses L\u00e1sz\u00f3l\u00f3 K\u00f6v\u00e9r am Dienstag. \u201cDas Vertrauen in die EU l\u00e4sst bei ihren B\u00fcrgern nach\u201d, sagte K\u00f6v\u00e9r gegen\u00fcber MTIEr [&hellip;]<\/p>\n","protected":false},"author":2,"featured_media":758016,"comment_status":"open","ping_status":"open","sticky":false,"template":"","format":"standard","meta":{"_acf_changed":false,"_display_image":"","footnotes":""},"categories":[1081],"tags":[1082,1746,1445],"class_list":["post-758015","post","type-post","status-publish","format-standard","has-post-thumbnail","hentry","category-politik","tag-europaische-union","tag-hausredner","tag-migration"],"blocksy_meta":[],"acf":[],"author_username":"alk","telegram_post":"","public_post_metadata":{"breaking_news":"","important":"","csempe":"","center_tile":"","disable_thumbnail":"","target_lang":"","_featured_image_style":"","telegram_post":"","_xlat_group_id":""},"public_rank_math_data":{"title":"%title% %sep% %sitename%","description":"","focus_keyword":"","canonical_url":"","robots":"","primary_category":"1081","breadcrumb_title":"","facebook_title":"","facebook_description":"","facebook_image":"","facebook_image_id":"","twitter_title":"","twitter_description":"","twitter_image":"","twitter_image_id":"","twitter_card_type":"","twitter_use_facebook":"","advanced_robots":"","pillar_content":"","seo_score":"","contentai_score":"","rich_snippet":""},"_links":{"self":[{"href":"https:\/\/dailynewshungary.com\/de\/wp-json\/wp\/v2\/posts\/758015","targetHints":{"allow":["GET"]}}],"collection":[{"href":"https:\/\/dailynewshungary.com\/de\/wp-json\/wp\/v2\/posts"}],"about":[{"href":"https:\/\/dailynewshungary.com\/de\/wp-json\/wp\/v2\/types\/post"}],"author":[{"embeddable":true,"href":"https:\/\/dailynewshungary.com\/de\/wp-json\/wp\/v2\/users\/2"}],"replies":[{"embeddable":true,"href":"https:\/\/dailynewshungary.com\/de\/wp-json\/wp\/v2\/comments?post=758015"}],"version-history":[{"count":0,"href":"https:\/\/dailynewshungary.com\/de\/wp-json\/wp\/v2\/posts\/758015\/revisions"}],"wp:featuredmedia":[{"embeddable":true,"href":"https:\/\/dailynewshungary.com\/de\/wp-json\/wp\/v2\/media\/758016"}],"wp:attachment":[{"href":"https:\/\/dailynewshungary.com\/de\/wp-json\/wp\/v2\/media?parent=758015"}],"wp:term":[{"taxonomy":"category","embeddable":true,"href":"https:\/\/dailynewshungary.com\/de\/wp-json\/wp\/v2\/categories?post=758015"},{"taxonomy":"post_tag","embeddable":true,"href":"https:\/\/dailynewshungary.com\/de\/wp-json\/wp\/v2\/tags?post=758015"}],"curies":[{"name":"wp","href":"https:\/\/api.w.org\/{rel}","templated":true}]}}