{"id":758017,"date":"2016-05-25T02:45:57","date_gmt":"2016-05-25T00:45:57","guid":{"rendered":"https:\/\/dailynewshungary.com\/de\/die-eu-sollte-sich-darauf-konzentrieren-migranten-bei-der-ruckkehr-in-ihre-heimat-zu-helfen-sagt-ein-ungarischer-beamter\/"},"modified":"2016-05-25T02:45:57","modified_gmt":"2016-05-25T00:45:57","slug":"die-eu-sollte-sich-darauf-konzentrieren-migranten-bei-der-ruckkehr-in-ihre-heimat-zu-helfen-sagt-ein-ungarischer-beamter","status":"publish","type":"post","link":"https:\/\/dailynewshungary.com\/de\/die-eu-sollte-sich-darauf-konzentrieren-migranten-bei-der-ruckkehr-in-ihre-heimat-zu-helfen-sagt-ein-ungarischer-beamter\/","title":{"rendered":"Die EU sollte sich darauf konzentrieren, Migranten bei der R\u00fcckkehr in ihre Heimat zu helfen, sagt ein ungarischer Beamter"},"content":{"rendered":"<p>&nbsp;<\/p>\n<p><strong>Br\u00fcssel, 24. Mai (MTI) \u2013 Anstatt die Integration von Migranten als ein einziges Ziel zu betrachten, sollte sich die Europ\u00e4ische Union auch darauf konzentrieren, Bedingungen zu schaffen, unter denen \u201cFl\u00fcchtlinge und Migranten\u201d in ihre Heimatl\u00e4nder zur\u00fcckkehren k\u00f6nnen, sagte Szabolcs Tak\u00e1cs, Staatssekret\u00e4r im B\u00fcro des ungarischen Premierministers, in Br\u00fcssel.<\/strong><\/p>\n<p>Nach einem Treffen der EU-Minister am Dienstag sagte Tak\u00e1cs, dass die R\u00fcckf\u00fchrung im Einklang mit dem V\u00f6lkerrecht erfolgen sollte, aber zun\u00e4chst sollten die Ursachen gekl\u00e4rt werden, die Menschen dazu zwingen, ihre H\u00e4user zu verlassen.<\/p>\n<p>Takacs sagte MTI telefonisch, dass \u201cman Menschen nicht integrieren kann, wenn sie nicht integriert werden wollen\u201d Die Zusammenarbeit zwischen beiden Seiten sei Voraussetzung, f\u00fcgte er hinzu.<\/p>\n","protected":false},"excerpt":{"rendered":"<p>&nbsp; Br\u00fcssel, 24. Mai (MTI) \u2013 Anstatt die Integration von Migranten als ein einziges Ziel zu betrachten, sollte sich die Europ\u00e4ische Union auch darauf konzentrieren, Bedingungen zu schaffen, unter denen \u201cFl\u00fcchtlinge und Migranten\u201d in ihre Heimatl\u00e4nder zur\u00fcckkehren k\u00f6nnen, sagte Szabolcs Tak\u00e1cs, Staatssekret\u00e4r im B\u00fcro des ungarischen Premierministers, in Br\u00fcssel. Nach einem Treffen der EU-Minister am [&hellip;]<\/p>\n","protected":false},"author":2,"featured_media":758018,"comment_status":"open","ping_status":"open","sticky":false,"template":"","format":"standard","meta":{"_acf_changed":false,"_display_image":"","footnotes":""},"categories":[1081],"tags":[1082,1445],"class_list":["post-758017","post","type-post","status-publish","format-standard","has-post-thumbnail","hentry","category-politik","tag-europaische-union","tag-migration"],"blocksy_meta":[],"acf":[],"author_username":"alk","telegram_post":"","public_post_metadata":{"breaking_news":"","important":"","csempe":"","center_tile":"","disable_thumbnail":"","target_lang":"","_featured_image_style":"","telegram_post":"","_xlat_group_id":""},"public_rank_math_data":{"title":"%title% %sep% %sitename%","description":"","focus_keyword":"","canonical_url":"","robots":"","primary_category":"1081","breadcrumb_title":"","facebook_title":"","facebook_description":"","facebook_image":"","facebook_image_id":"","twitter_title":"","twitter_description":"","twitter_image":"","twitter_image_id":"","twitter_card_type":"","twitter_use_facebook":"","advanced_robots":"","pillar_content":"","seo_score":"","contentai_score":"","rich_snippet":""},"_links":{"self":[{"href":"https:\/\/dailynewshungary.com\/de\/wp-json\/wp\/v2\/posts\/758017","targetHints":{"allow":["GET"]}}],"collection":[{"href":"https:\/\/dailynewshungary.com\/de\/wp-json\/wp\/v2\/posts"}],"about":[{"href":"https:\/\/dailynewshungary.com\/de\/wp-json\/wp\/v2\/types\/post"}],"author":[{"embeddable":true,"href":"https:\/\/dailynewshungary.com\/de\/wp-json\/wp\/v2\/users\/2"}],"replies":[{"embeddable":true,"href":"https:\/\/dailynewshungary.com\/de\/wp-json\/wp\/v2\/comments?post=758017"}],"version-history":[{"count":0,"href":"https:\/\/dailynewshungary.com\/de\/wp-json\/wp\/v2\/posts\/758017\/revisions"}],"wp:featuredmedia":[{"embeddable":true,"href":"https:\/\/dailynewshungary.com\/de\/wp-json\/wp\/v2\/media\/758018"}],"wp:attachment":[{"href":"https:\/\/dailynewshungary.com\/de\/wp-json\/wp\/v2\/media?parent=758017"}],"wp:term":[{"taxonomy":"category","embeddable":true,"href":"https:\/\/dailynewshungary.com\/de\/wp-json\/wp\/v2\/categories?post=758017"},{"taxonomy":"post_tag","embeddable":true,"href":"https:\/\/dailynewshungary.com\/de\/wp-json\/wp\/v2\/tags?post=758017"}],"curies":[{"name":"wp","href":"https:\/\/api.w.org\/{rel}","templated":true}]}}