{"id":758057,"date":"2016-05-24T02:02:13","date_gmt":"2016-05-24T00:02:13","guid":{"rendered":"https:\/\/dailynewshungary.com\/de\/konferenz-der-sprecher-des-eu-hauses-die-neuansiedlung-von-migranten-muss-freiwillig-sein-sagt-kover\/"},"modified":"2016-05-24T02:02:13","modified_gmt":"2016-05-24T00:02:13","slug":"konferenz-der-sprecher-des-eu-hauses-die-neuansiedlung-von-migranten-muss-freiwillig-sein-sagt-kover","status":"publish","type":"post","link":"https:\/\/dailynewshungary.com\/de\/konferenz-der-sprecher-des-eu-hauses-die-neuansiedlung-von-migranten-muss-freiwillig-sein-sagt-kover\/","title":{"rendered":"Konferenz der Sprecher des EU-Hauses \u2013 Die Neuansiedlung von Migranten muss freiwillig sein, sagt K\u00f6v\u00e9r"},"content":{"rendered":"<p><strong>Luxemburg (MTI) \u2013 Jede Neuansiedlung von Migranten in Mitgliedstaaten der Europ\u00e4ischen Union muss strikt freiwillig erfolgen, da eine obligatorische Neuansiedlung inakzeptabel ist, sagte Parlamentspr\u00e4sident L\u00e1szl\u00f3 K\u00f6v\u00e9r am Montag in Luxemburg.<\/strong><\/p>\n<p><img loading=\"lazy\" decoding=\"async\" class=\"size-full wp-image-68310 aligncenter\" src=\"https:\/\/dailynewshungary.com\/wp-content\/uploads\/2016\/05\/eu-house-spekers.jpg\" alt=\"eu-house-spekers\" width=\"600\" height=\"385\" srcset=\"https:\/\/contentf5.dailynewshungary.com\/wp-content\/uploads\/2016\/05\/eu-house-spekers.jpg 600w, https:\/\/contentf5.dailynewshungary.com\/wp-content\/uploads\/2016\/05\/eu-house-spekers-300x193.jpg 300w, https:\/\/contentf5.dailynewshungary.com\/wp-content\/uploads\/2016\/05\/eu-house-spekers-220x141.jpg 220w\" sizes=\"auto, (max-width: 600px) 100vw, 600px\"><\/p>\n<p>Drohungen, Mitgliedstaaten zu sanktionieren, die keine Migranten aufnehmen, suggerieren \u201ckeine demokratische Disposition\u201d, sagte K\u00f6v\u00e9r einer Konferenz von EU-HausrednernDas ist dieselbe Machtpolitik, die die Ungarn vor 1990 \u201caus einer anderen Union\u201d kennengelernt hatten, sagte er.<\/p>\n<p>Ungarn sei bereit, finanzielle Beitr\u00e4ge zu allen Bem\u00fchungen zu leisten, die auf eine L\u00f6sung der Fl\u00fcchtlingskrise au\u00dferhalb Europas abzielen, sagte er.<\/p>\n<p>K\u00f6v\u00e9r sagte, Ungarn sei mit dem Vorschlag der Europ\u00e4ischen Kommission zur Reform des Dublin-Systems nicht einverstanden, da dieser nicht auf dem Konsens der Mitgliedstaaten beruhe.<\/p>\n<p>Ungarn betrachte die Migrantenkrise in erster Linie als Sicherheitsfrage, sagte K\u00f6v\u00e9rEr stellte fest, dass Ministerpr\u00e4sident Viktor Orb\u00e1n einen Aktionsplan mit dem Namen \u201eSchengen 2.0\u201cvorgelegt habe, der darauf abzielt, die Sicherheit Europas durch den Schutz des Schengen-Systems zu wahren. Ungarns Haltung ist, dass die Dublin-Regeln erst reformiert werden k\u00f6nnen, wenn gew\u00e4hrleistet ist, dass die Schengen-Regeln ordnungsgem\u00e4\u00df durchgesetzt werden k\u00f6nnen, sagte er.<\/p>\n<p>Der andere gro\u00dfe Teil der Beendigung der Krise sei die Eind\u00e4mmung des Migrantenstroms au\u00dferhalb Europas, sagte K\u00f6v\u00e9r. Echte Fl\u00fcchtlinge und Wirtschaftsmigranten sollten getrennt behandelt werden und die EU sollte geschlossene Registrierungszentren f\u00fcr Asylbewerber einrichten, f\u00fcgte er hinzu.<\/p>\n<p><img loading=\"lazy\" decoding=\"async\" class=\"size-full wp-image-68307 aligncenter\" src=\"https:\/\/dailynewshungary.com\/wp-content\/uploads\/2016\/05\/eu-house-spekers-4.jpg\" alt=\"eu-house-spekers-4\" width=\"600\" height=\"400\" srcset=\"https:\/\/contentf5.dailynewshungary.com\/wp-content\/uploads\/2016\/05\/eu-house-spekers-4.jpg 600w, https:\/\/contentf5.dailynewshungary.com\/wp-content\/uploads\/2016\/05\/eu-house-spekers-4-300x200.jpg 300w, https:\/\/contentf5.dailynewshungary.com\/wp-content\/uploads\/2016\/05\/eu-house-spekers-4-220x147.jpg 220w\" sizes=\"auto, (max-width: 600px) 100vw, 600px\"><\/p>\n<p>Die EU m\u00fcsse Abkommen mit Transit &#8211; und Herkunftsl\u00e4ndern unterzeichnen, um Migranten zur\u00fcckzuschicken, und diese Abkommen m\u00fcssten durchgesetzt werden, betonte er.<\/p>\n<p>K\u00f6v\u00e9r sagte, Ungarn betrachte die EU als eine Partnerschaft gleichberechtigter, souver\u00e4ner Nationalstaaten im Gegensatz zu einem Konzept der \u201cVereinigten Staaten von Europa\u201d Ungarn k\u00f6nne und werde niemals Kompromisse bei Demokratie oder nationaler Souver\u00e4nit\u00e4t eingehen, sagte er.<\/p>\n","protected":false},"excerpt":{"rendered":"<p>Luxemburg (MTI) \u2013 Jede Neuansiedlung von Migranten in Mitgliedstaaten der Europ\u00e4ischen Union muss strikt freiwillig erfolgen, da eine obligatorische Neuansiedlung inakzeptabel ist, sagte Parlamentspr\u00e4sident L\u00e1szl\u00f3 K\u00f6v\u00e9r am Montag in Luxemburg. Drohungen, Mitgliedstaaten zu sanktionieren, die keine Migranten aufnehmen, suggerieren \u201ckeine demokratische Disposition\u201d, sagte K\u00f6v\u00e9r einer Konferenz von EU-HausrednernDas ist dieselbe Machtpolitik, die die Ungarn vor [&hellip;]<\/p>\n","protected":false},"author":2,"featured_media":758058,"comment_status":"open","ping_status":"open","sticky":false,"template":"","format":"standard","meta":{"_acf_changed":false,"_display_image":"","footnotes":""},"categories":[1081],"tags":[1082,1746,1445],"class_list":["post-758057","post","type-post","status-publish","format-standard","has-post-thumbnail","hentry","category-politik","tag-europaische-union","tag-hausredner","tag-migration"],"blocksy_meta":[],"acf":[],"author_username":"alk","telegram_post":"","public_post_metadata":{"breaking_news":"","important":"","csempe":"","center_tile":"","disable_thumbnail":"","target_lang":"","_featured_image_style":"","telegram_post":"","_xlat_group_id":""},"public_rank_math_data":{"title":"%title% %sep% %sitename%","description":"","focus_keyword":"","canonical_url":"","robots":"","primary_category":"1081","breadcrumb_title":"","facebook_title":"","facebook_description":"","facebook_image":"","facebook_image_id":"","twitter_title":"","twitter_description":"","twitter_image":"","twitter_image_id":"","twitter_card_type":"","twitter_use_facebook":"","advanced_robots":"","pillar_content":"","seo_score":"","contentai_score":"","rich_snippet":""},"_links":{"self":[{"href":"https:\/\/dailynewshungary.com\/de\/wp-json\/wp\/v2\/posts\/758057","targetHints":{"allow":["GET"]}}],"collection":[{"href":"https:\/\/dailynewshungary.com\/de\/wp-json\/wp\/v2\/posts"}],"about":[{"href":"https:\/\/dailynewshungary.com\/de\/wp-json\/wp\/v2\/types\/post"}],"author":[{"embeddable":true,"href":"https:\/\/dailynewshungary.com\/de\/wp-json\/wp\/v2\/users\/2"}],"replies":[{"embeddable":true,"href":"https:\/\/dailynewshungary.com\/de\/wp-json\/wp\/v2\/comments?post=758057"}],"version-history":[{"count":0,"href":"https:\/\/dailynewshungary.com\/de\/wp-json\/wp\/v2\/posts\/758057\/revisions"}],"wp:featuredmedia":[{"embeddable":true,"href":"https:\/\/dailynewshungary.com\/de\/wp-json\/wp\/v2\/media\/758058"}],"wp:attachment":[{"href":"https:\/\/dailynewshungary.com\/de\/wp-json\/wp\/v2\/media?parent=758057"}],"wp:term":[{"taxonomy":"category","embeddable":true,"href":"https:\/\/dailynewshungary.com\/de\/wp-json\/wp\/v2\/categories?post=758057"},{"taxonomy":"post_tag","embeddable":true,"href":"https:\/\/dailynewshungary.com\/de\/wp-json\/wp\/v2\/tags?post=758057"}],"curies":[{"name":"wp","href":"https:\/\/api.w.org\/{rel}","templated":true}]}}