{"id":758061,"date":"2016-05-23T22:50:24","date_gmt":"2016-05-23T20:50:24","guid":{"rendered":"https:\/\/dailynewshungary.com\/de\/treffen-der-ausenminister-der-europaischen-union-szijjarto-drangt-darauf-die-europaische-integration-der-lander-der-ostlichen-partnerschaft-zu-beschleunigen\/"},"modified":"2016-05-23T22:50:24","modified_gmt":"2016-05-23T20:50:24","slug":"treffen-der-ausenminister-der-europaischen-union-szijjarto-drangt-darauf-die-europaische-integration-der-lander-der-ostlichen-partnerschaft-zu-beschleunigen","status":"publish","type":"post","link":"https:\/\/dailynewshungary.com\/de\/treffen-der-ausenminister-der-europaischen-union-szijjarto-drangt-darauf-die-europaische-integration-der-lander-der-ostlichen-partnerschaft-zu-beschleunigen\/","title":{"rendered":"Treffen der Au\u00dfenminister der Europ\u00e4ischen Union \u2013 Szijj\u00e1rt\u00f3 dr\u00e4ngt darauf, die europ\u00e4ische Integration der L\u00e4nder der \u00d6stlichen Partnerschaft zu beschleunigen"},"content":{"rendered":"<p><strong>Br\u00fcssel, den 23. Mai (MTI) \u2013 Die europ\u00e4ische Integration der L\u00e4nder der \u00d6stlichen Partnerschaft muss sowohl im Interesse der Stabilit\u00e4t in diesen L\u00e4ndern als auch der Sicherheit Europas beschleunigt werden, sagte Ungarns Au\u00dfenminister am Montag.<\/strong><\/p>\n<p>Am Rande eines Treffens der Au\u00dfenminister der Europ\u00e4ischen Union sagte P\u00e9ter Szijj\u00e1rt\u00f3, die Sicherheitslage in den \u00f6stlichen Nachbarregionen der EU sei \u00e4u\u00dferst \u201efragil\u201cAus den Staaten der \u00d6stlichen Partnerschaft sind Moldawien, die Ukraine, Georgien, Aserbaidschan und Armenien in Streitigkeiten verwickelt, die sich direkt auf die Sicherheit Europas auswirken.<\/p>\n<p><img loading=\"lazy\" decoding=\"async\" class=\"wp-image-68298 size-full aligncenter\" src=\"https:\/\/dailynewshungary.com\/wp-content\/uploads\/2016\/05\/foreign-ministers-brussels-2.jpg\" alt=\"Au\u00dfenminister-br\u00fcssel-2\" width=\"600\" height=\"473\" srcset=\"https:\/\/contentf5.dailynewshungary.com\/wp-content\/uploads\/2016\/05\/foreign-ministers-brussels-2.jpg 600w, https:\/\/contentf5.dailynewshungary.com\/wp-content\/uploads\/2016\/05\/foreign-ministers-brussels-2-300x237.jpg 300w, https:\/\/contentf5.dailynewshungary.com\/wp-content\/uploads\/2016\/05\/foreign-ministers-brussels-2-220x173.jpg 220w\" sizes=\"auto, (max-width: 600px) 100vw, 600px\"><\/p>\n<p>Die beteiligten L\u00e4nder ben\u00f6tigen positives Feedback von der EU, denn ohne sie werde die Unterst\u00fctzung der Regierungen f\u00fcr die Integration in diesen L\u00e4ndern dramatisch zur\u00fcckgehen, sagte Szijj\u00e1rt\u00f3.<\/p>\n<p>Er forderte die EU auf, Georgien und der Ukraine mit sofortiger Wirkung den Visumfreiheitsstatus zu gew\u00e4hren, da beide L\u00e4nder alle Kriterien f\u00fcr den Erhalt erf\u00fcllt haben.<\/p>\n<p>Der Minister sagte, Ungarn empfehle, so bald wie m\u00f6glich ein strategisches Partnerschaftsabkommen mit Aserbaidschan zu unterzeichnen, da es kurzfristig die einzige Quelle der EU f\u00fcr Energievielfalt sei.<\/p>\n<p>Ungarn empfahl au\u00dferdem, EU-Mittel f\u00fcr Belarus zu \u00f6ffnen, und argumentierte, dass die Handelsbeziehungen mit Belarus f\u00fcr die EU \u201cbesonders vorteilhaft\u201d sein d\u00fcrften.<\/p>\n<p><strong>Szijj\u00e1rt\u00f3: EU-Au\u00dfenminister verabschieden bei ihrem Treffen alle Vorschl\u00e4ge Ungarns<\/strong><\/p>\n<p>Eine Abschlusserkl\u00e4rung, die am Montag bei einem Treffen der Au\u00dfenminister der Europ\u00e4ischen Union angenommen wurde, enthielt alle von Ungarn vorgelegten Vorschl\u00e4ge, sagte Szijj\u00e1rt\u00f3.<\/p>\n<p>Die Spitzendiplomaten des Blocks waren in Br\u00fcssel, um \u00fcber die L\u00f6sung der langwierigen Migrationskrise Europas zu diskutieren.<\/p>\n<p>Zu den Vorschl\u00e4gen Ungarns geh\u00f6rte der zehn Punkte umfassende Aktionsplan \u201eSchengen 2.0\u201cvon Premierminister Viktor Orb\u00e1n im vergangenen Monat. In der Abschlusserkl\u00e4rung des Treffens hei\u00dft es, der Rat f\u00fcr ausw\u00e4rtige Angelegenheiten werde sich weiter mit dem Plan des Premierministers befassen, der darauf abzielt, die Sicherheit Europas durch den Schutz des Schengen-Systems zu st\u00e4rken.<\/p>\n<p>Die Minister stimmten au\u00dferdem dem Plan zu, die M\u00f6glichkeit zu pr\u00fcfen, Hotspots f\u00fcr die Registrierung von Migranten au\u00dferhalb der EU-Grenzen einzurichten, damit festgestellt werden kann, ob ein Migrant vor seiner Einreise in das Hoheitsgebiet der Union Anspruch auf den Fl\u00fcchtlingsstatus hat. Dies sei besonders wichtig, wenn man bedenkt, dass das R\u00fcck\u00fcbernahmeabkommen zwischen der EU und der T\u00fcrkei nicht wirksam genug war, sagte Szijj\u00e1rt\u00f3.<\/p>\n<p>Szijj\u00e1rt\u00f3 sagte, der Schritt, Hotspots au\u00dferhalb der EU einzurichten, w\u00fcrde auch dazu beitragen, Zehntausende Leben zu retten, da das System andere potenzielle Migranten davon \u00fcberzeugen k\u00f6nnte, die Reise nach Europa nicht zu unternehmen. Es k\u00f6nnte auch das Gesch\u00e4ftsmodell der Menschenschmuggler zerst\u00f6ren, f\u00fcgte er hinzu.<\/p>\n<p>Die Schlusserkl\u00e4rung geht auch auf den Grenzschutz und die Bereitstellung finanzieller Hilfe f\u00fcr die T\u00fcrkei, Jordanien, den Libanon und die kurdische Region im Irak ein, wo Hunderttausende Fl\u00fcchtlinge betreut werden, sagte Szijj\u00e1rt\u00f3.<\/p>\n<p>Die Minister waren sich einig, dass der Migrationsdruck auf Europa auf lange Sicht voraussichtlich zunehmen wird, da in den Nachbarregionen Europas 30 bis 35 Millionen Menschen leben, die sich aufgrund ihrer Lebensbedingungen jederzeit f\u00fcr einen Aufbruch nach Europa entscheiden k\u00f6nnten.<\/p>\n<p><em>Foto: MTI<\/em><\/p>\n","protected":false},"excerpt":{"rendered":"<p>Br\u00fcssel, den 23. Mai (MTI) \u2013 Die europ\u00e4ische Integration der L\u00e4nder der \u00d6stlichen Partnerschaft muss sowohl im Interesse der Stabilit\u00e4t in diesen L\u00e4ndern als auch der Sicherheit Europas beschleunigt werden, sagte Ungarns Au\u00dfenminister am Montag. Am Rande eines Treffens der Au\u00dfenminister der Europ\u00e4ischen Union sagte P\u00e9ter Szijj\u00e1rt\u00f3, die Sicherheitslage in den \u00f6stlichen Nachbarregionen der EU [&hellip;]<\/p>\n","protected":false},"author":2,"featured_media":758062,"comment_status":"open","ping_status":"open","sticky":false,"template":"","format":"standard","meta":{"_acf_changed":false,"_display_image":"","footnotes":""},"categories":[1081],"tags":[1169,1082,1299],"class_list":["post-758061","post","type-post","status-publish","format-standard","has-post-thumbnail","hentry","category-politik","tag-aussenministerium-von-ungarn","tag-europaische-union","tag-schengen"],"blocksy_meta":[],"acf":[],"author_username":"alk","telegram_post":"","public_post_metadata":{"breaking_news":"","important":"","csempe":"","center_tile":"","disable_thumbnail":"","target_lang":"","_featured_image_style":"","telegram_post":"","_xlat_group_id":""},"public_rank_math_data":{"title":"%title% %sep% %sitename%","description":"","focus_keyword":"","canonical_url":"","robots":"","primary_category":"1081","breadcrumb_title":"","facebook_title":"","facebook_description":"","facebook_image":"","facebook_image_id":"","twitter_title":"","twitter_description":"","twitter_image":"","twitter_image_id":"","twitter_card_type":"","twitter_use_facebook":"","advanced_robots":"","pillar_content":"","seo_score":"","contentai_score":"","rich_snippet":""},"_links":{"self":[{"href":"https:\/\/dailynewshungary.com\/de\/wp-json\/wp\/v2\/posts\/758061","targetHints":{"allow":["GET"]}}],"collection":[{"href":"https:\/\/dailynewshungary.com\/de\/wp-json\/wp\/v2\/posts"}],"about":[{"href":"https:\/\/dailynewshungary.com\/de\/wp-json\/wp\/v2\/types\/post"}],"author":[{"embeddable":true,"href":"https:\/\/dailynewshungary.com\/de\/wp-json\/wp\/v2\/users\/2"}],"replies":[{"embeddable":true,"href":"https:\/\/dailynewshungary.com\/de\/wp-json\/wp\/v2\/comments?post=758061"}],"version-history":[{"count":0,"href":"https:\/\/dailynewshungary.com\/de\/wp-json\/wp\/v2\/posts\/758061\/revisions"}],"wp:featuredmedia":[{"embeddable":true,"href":"https:\/\/dailynewshungary.com\/de\/wp-json\/wp\/v2\/media\/758062"}],"wp:attachment":[{"href":"https:\/\/dailynewshungary.com\/de\/wp-json\/wp\/v2\/media?parent=758061"}],"wp:term":[{"taxonomy":"category","embeddable":true,"href":"https:\/\/dailynewshungary.com\/de\/wp-json\/wp\/v2\/categories?post=758061"},{"taxonomy":"post_tag","embeddable":true,"href":"https:\/\/dailynewshungary.com\/de\/wp-json\/wp\/v2\/tags?post=758061"}],"curies":[{"name":"wp","href":"https:\/\/api.w.org\/{rel}","templated":true}]}}