{"id":758215,"date":"2016-05-18T13:08:41","date_gmt":"2016-05-18T11:08:41","guid":{"rendered":"https:\/\/dailynewshungary.com\/de\/ausenminister-fuhrt-gesprache-mit-amtskollegen-aus-liechtenstein-und-monaco\/"},"modified":"2016-05-18T13:08:41","modified_gmt":"2016-05-18T11:08:41","slug":"ausenminister-fuhrt-gesprache-mit-amtskollegen-aus-liechtenstein-und-monaco","status":"publish","type":"post","link":"https:\/\/dailynewshungary.com\/de\/ausenminister-fuhrt-gesprache-mit-amtskollegen-aus-liechtenstein-und-monaco\/","title":{"rendered":"Au\u00dfenminister f\u00fchrt Gespr\u00e4che mit Amtskollegen aus Liechtenstein und Monaco"},"content":{"rendered":"<p><strong>Budapest, 18. Mai (MTI) \u201eAu\u00dfenminister P\u00e9ter Szijj\u00e1rt\u00f3 f\u00fchrte am Mittwoch in Sofia Gespr\u00e4che mit seinen Amtskollegen Aurelia Frick aus Liechtenstein und Gilles Tonelli aus Monaco, teilte das Ministerium mit.<\/strong><\/p>\n<p>Szijj\u00e1rt\u00f3 und Frick unterzeichneten ein Abkommen, das Ungarns Auslandsvertretungen in Moldawien, Wei\u00dfrussland und China erm\u00e4chtigte, im Namen Liechtensteins Visa auszustellen. Die Minister einigten sich au\u00dferdem darauf, ein bestehendes Industriekooperationsabkommen auf hochrangige Finanzdienstleistungen auszuweiten. Dies wird durch ein Abkommen zur Verhinderung der Doppelbesteuerung erm\u00f6glicht, das Anfang des Jahres in Kraft trat, sagte das Ministerium in einer Erkl\u00e4rung.<\/p>\n<p>Ungarn habe k\u00fcrzlich diplomatische Beziehungen zu Monaco aufgenommen, und der Pariser Botschafter des Landes sei im F\u00fcrstentum akkreditiert Ungarn unterst\u00fctze den baldm\u00f6glichsten Abschluss der Gespr\u00e4che zwischen Monaco und der Europ\u00e4ischen Union, teilte das Ministerium mit.<\/p>\n<p>Szijj\u00e1rt\u00f3 ist in Sofia, um am Au\u00dfenministertreffen des Europarats teilzunehmen.<\/p>\n<p><em>Foto: MTI<\/em><\/p>\n","protected":false},"excerpt":{"rendered":"<p>Budapest, 18. Mai (MTI) \u201eAu\u00dfenminister P\u00e9ter Szijj\u00e1rt\u00f3 f\u00fchrte am Mittwoch in Sofia Gespr\u00e4che mit seinen Amtskollegen Aurelia Frick aus Liechtenstein und Gilles Tonelli aus Monaco, teilte das Ministerium mit. Szijj\u00e1rt\u00f3 und Frick unterzeichneten ein Abkommen, das Ungarns Auslandsvertretungen in Moldawien, Wei\u00dfrussland und China erm\u00e4chtigte, im Namen Liechtensteins Visa auszustellen. Die Minister einigten sich au\u00dferdem darauf, [&hellip;]<\/p>\n","protected":false},"author":2,"featured_media":758216,"comment_status":"open","ping_status":"open","sticky":false,"template":"","format":"standard","meta":{"_acf_changed":false,"_display_image":"","footnotes":""},"categories":[1081],"tags":[1169,1082,1617],"class_list":["post-758215","post","type-post","status-publish","format-standard","has-post-thumbnail","hentry","category-politik","tag-aussenministerium-von-ungarn","tag-europaische-union","tag-rat-von-europa"],"blocksy_meta":[],"acf":[],"author_username":"alk","telegram_post":"","public_post_metadata":{"breaking_news":"","important":"","csempe":"","center_tile":"","disable_thumbnail":"","target_lang":"","_featured_image_style":"","telegram_post":"","_xlat_group_id":""},"public_rank_math_data":{"title":"%title% %sep% %sitename%","description":"","focus_keyword":"","canonical_url":"","robots":"","primary_category":"1081","breadcrumb_title":"","facebook_title":"","facebook_description":"","facebook_image":"","facebook_image_id":"","twitter_title":"","twitter_description":"","twitter_image":"","twitter_image_id":"","twitter_card_type":"","twitter_use_facebook":"","advanced_robots":"","pillar_content":"","seo_score":"","contentai_score":"","rich_snippet":""},"_links":{"self":[{"href":"https:\/\/dailynewshungary.com\/de\/wp-json\/wp\/v2\/posts\/758215","targetHints":{"allow":["GET"]}}],"collection":[{"href":"https:\/\/dailynewshungary.com\/de\/wp-json\/wp\/v2\/posts"}],"about":[{"href":"https:\/\/dailynewshungary.com\/de\/wp-json\/wp\/v2\/types\/post"}],"author":[{"embeddable":true,"href":"https:\/\/dailynewshungary.com\/de\/wp-json\/wp\/v2\/users\/2"}],"replies":[{"embeddable":true,"href":"https:\/\/dailynewshungary.com\/de\/wp-json\/wp\/v2\/comments?post=758215"}],"version-history":[{"count":0,"href":"https:\/\/dailynewshungary.com\/de\/wp-json\/wp\/v2\/posts\/758215\/revisions"}],"wp:featuredmedia":[{"embeddable":true,"href":"https:\/\/dailynewshungary.com\/de\/wp-json\/wp\/v2\/media\/758216"}],"wp:attachment":[{"href":"https:\/\/dailynewshungary.com\/de\/wp-json\/wp\/v2\/media?parent=758215"}],"wp:term":[{"taxonomy":"category","embeddable":true,"href":"https:\/\/dailynewshungary.com\/de\/wp-json\/wp\/v2\/categories?post=758215"},{"taxonomy":"post_tag","embeddable":true,"href":"https:\/\/dailynewshungary.com\/de\/wp-json\/wp\/v2\/tags?post=758215"}],"curies":[{"name":"wp","href":"https:\/\/api.w.org\/{rel}","templated":true}]}}