{"id":758223,"date":"2016-05-18T08:00:40","date_gmt":"2016-05-18T06:00:40","guid":{"rendered":"https:\/\/dailynewshungary.com\/de\/die-uberwiegende-mehrheit-der-ungarn-lehnt-den-eu-quotenplan-ab\/"},"modified":"2016-05-18T08:00:40","modified_gmt":"2016-05-18T06:00:40","slug":"die-uberwiegende-mehrheit-der-ungarn-lehnt-den-eu-quotenplan-ab","status":"publish","type":"post","link":"https:\/\/dailynewshungary.com\/de\/die-uberwiegende-mehrheit-der-ungarn-lehnt-den-eu-quotenplan-ab\/","title":{"rendered":"Die \u00fcberwiegende Mehrheit der Ungarn lehnt den EU-Quotenplan ab"},"content":{"rendered":"<p><strong>Budapest, 17. Mai (MTI) \u2013 Knapp 90 Prozent der Ungarn, die planen, beim bevorstehenden Referendum \u00fcber das Migrantenquotensystem der Europ\u00e4ischen Union abzustimmen, w\u00fcrden es ablehnen, stellte die Sz\u00e1zadv\u00e9g-Stiftung in einer aktuellen Umfrage fest.<\/strong><\/p>\n<p>Die am Dienstag ver\u00f6ffentlichte Umfrage ergab au\u00dferdem, dass 72 Prozent der W\u00e4hler ihre Meinung in der Volksabstimmung \u00e4u\u00dfern w\u00fcrden. In einer Erkl\u00e4rung f\u00fcgte es hinzu, dass 97 Prozent von der Referendumsinitiative geh\u00f6rt h\u00e4tten.<\/p>\n<p>Ganze 54 Prozent \u00e4u\u00dferten die klare Absicht, sich zu beteiligen, w\u00e4hrend 18 Prozent sagten, es sei wahrscheinlich, dass sie dies tun w\u00fcrden.<\/p>\n<p>Die Telefonumfrage wurde letzte Woche mit einer Stichprobe von \u00fcber 1.000 Erwachsenen im wahlberechtigten Alter durchgef\u00fchrt.<\/p>\n","protected":false},"excerpt":{"rendered":"<p>Budapest, 17. Mai (MTI) \u2013 Knapp 90 Prozent der Ungarn, die planen, beim bevorstehenden Referendum \u00fcber das Migrantenquotensystem der Europ\u00e4ischen Union abzustimmen, w\u00fcrden es ablehnen, stellte die Sz\u00e1zadv\u00e9g-Stiftung in einer aktuellen Umfrage fest. Die am Dienstag ver\u00f6ffentlichte Umfrage ergab au\u00dferdem, dass 72 Prozent der W\u00e4hler ihre Meinung in der Volksabstimmung \u00e4u\u00dfern w\u00fcrden. In einer Erkl\u00e4rung [&hellip;]<\/p>\n","protected":false},"author":2,"featured_media":758224,"comment_status":"open","ping_status":"open","sticky":false,"template":"","format":"standard","meta":{"_acf_changed":false,"_display_image":"","footnotes":""},"categories":[1081],"tags":[1082,1871,1139],"class_list":["post-758223","post","type-post","status-publish","format-standard","has-post-thumbnail","hentry","category-politik","tag-europaische-union","tag-migrantenquoten","tag-umfrage"],"blocksy_meta":[],"acf":[],"author_username":"alk","telegram_post":"","public_post_metadata":{"breaking_news":"","important":"","csempe":"","center_tile":"","disable_thumbnail":"","target_lang":"","_featured_image_style":"","telegram_post":"","_xlat_group_id":""},"public_rank_math_data":{"title":"%title% %sep% %sitename%","description":"","focus_keyword":"","canonical_url":"","robots":"","primary_category":"1081","breadcrumb_title":"","facebook_title":"","facebook_description":"","facebook_image":"","facebook_image_id":"","twitter_title":"","twitter_description":"","twitter_image":"","twitter_image_id":"","twitter_card_type":"","twitter_use_facebook":"","advanced_robots":"","pillar_content":"","seo_score":"","contentai_score":"","rich_snippet":""},"_links":{"self":[{"href":"https:\/\/dailynewshungary.com\/de\/wp-json\/wp\/v2\/posts\/758223","targetHints":{"allow":["GET"]}}],"collection":[{"href":"https:\/\/dailynewshungary.com\/de\/wp-json\/wp\/v2\/posts"}],"about":[{"href":"https:\/\/dailynewshungary.com\/de\/wp-json\/wp\/v2\/types\/post"}],"author":[{"embeddable":true,"href":"https:\/\/dailynewshungary.com\/de\/wp-json\/wp\/v2\/users\/2"}],"replies":[{"embeddable":true,"href":"https:\/\/dailynewshungary.com\/de\/wp-json\/wp\/v2\/comments?post=758223"}],"version-history":[{"count":0,"href":"https:\/\/dailynewshungary.com\/de\/wp-json\/wp\/v2\/posts\/758223\/revisions"}],"wp:featuredmedia":[{"embeddable":true,"href":"https:\/\/dailynewshungary.com\/de\/wp-json\/wp\/v2\/media\/758224"}],"wp:attachment":[{"href":"https:\/\/dailynewshungary.com\/de\/wp-json\/wp\/v2\/media?parent=758223"}],"wp:term":[{"taxonomy":"category","embeddable":true,"href":"https:\/\/dailynewshungary.com\/de\/wp-json\/wp\/v2\/categories?post=758223"},{"taxonomy":"post_tag","embeddable":true,"href":"https:\/\/dailynewshungary.com\/de\/wp-json\/wp\/v2\/tags?post=758223"}],"curies":[{"name":"wp","href":"https:\/\/api.w.org\/{rel}","templated":true}]}}