{"id":758262,"date":"2016-05-16T17:30:50","date_gmt":"2016-05-16T15:30:50","guid":{"rendered":"https:\/\/dailynewshungary.com\/de\/die-gewerkschaft-sieht-eine-lohnerhohung-im-gesundheitssektor-vor\/"},"modified":"2016-05-16T17:30:50","modified_gmt":"2016-05-16T15:30:50","slug":"die-gewerkschaft-sieht-eine-lohnerhohung-im-gesundheitssektor-vor","status":"publish","type":"post","link":"https:\/\/dailynewshungary.com\/de\/die-gewerkschaft-sieht-eine-lohnerhohung-im-gesundheitssektor-vor\/","title":{"rendered":"Die Gewerkschaft sieht eine Lohnerh\u00f6hung im Gesundheitssektor vor"},"content":{"rendered":"<p><strong>Budapest, 16. Mai (MTI) \u201eLohngespr\u00e4che zwischen Gewerkschaften und der Regierung werden in der zweiten Jahresh\u00e4lfte zu \u201egreifbaren Ergebnissen\u201cf\u00fcr Gesundheitsmitarbeiter f\u00fchren, sagte \u00c1gnes Cser, Gewerkschaftsleiter MMSZEADDSZ, am Montag gegen\u00fcber dem \u00f6ffentlichen Nachrichtensender M1.<\/strong><\/p>\n<p>Cser sagte, die Regierung habe zugestimmt, die j\u00e4hrlichen Kammerbeitr\u00e4ge f\u00fcr Gesundheitspersonal zu zahlen, und die Geh\u00e4lter von rund 80.000 Gesundheitsfachkr\u00e4ften w\u00fcrden um durchschnittlich 20 Prozent erh\u00f6ht. Sie f\u00fcgte hinzu, dass das Ziel der Gewerkschaft darin bestehe, in den n\u00e4chsten drei Jahren vier weitere \u00e4hnliche Erh\u00f6hungen zu erreichen.<\/p>\n<p>Cser sagte auch, dass bald eine Einigung erzielt werden k\u00f6nne, um seit langem aufgeschobene Probleme zu l\u00f6sen, beispielsweise Gesundheitsfachkr\u00e4fte mit bis zu 30 Jahren Erfahrung, die so wenig verdienen wie Berufseinsteiger in \u00e4hnlichen Positionen.<\/p>\n<p>Der Gewerkschaftsf\u00fchrer stellte fest, dass im Gesundheitssektor 25.000 Menschen in B\u00fcro- und Wartungsberufen besch\u00e4ftigt seien und eine h\u00f6here Bezahlung daf\u00fcr \u201eein ungel\u00f6stes Problem\u201cist.<\/p>\n","protected":false},"excerpt":{"rendered":"<p>Budapest, 16. Mai (MTI) \u201eLohngespr\u00e4che zwischen Gewerkschaften und der Regierung werden in der zweiten Jahresh\u00e4lfte zu \u201egreifbaren Ergebnissen\u201cf\u00fcr Gesundheitsmitarbeiter f\u00fchren, sagte \u00c1gnes Cser, Gewerkschaftsleiter MMSZEADDSZ, am Montag gegen\u00fcber dem \u00f6ffentlichen Nachrichtensender M1. Cser sagte, die Regierung habe zugestimmt, die j\u00e4hrlichen Kammerbeitr\u00e4ge f\u00fcr Gesundheitspersonal zu zahlen, und die Geh\u00e4lter von rund 80.000 Gesundheitsfachkr\u00e4ften w\u00fcrden um durchschnittlich [&hellip;]<\/p>\n","protected":false},"author":2,"featured_media":758263,"comment_status":"open","ping_status":"open","sticky":false,"template":"","format":"standard","meta":{"_acf_changed":false,"_display_image":"","footnotes":""},"categories":[1281],"tags":[1107],"class_list":["post-758262","post","type-post","status-publish","format-standard","has-post-thumbnail","hentry","category-geschaft","tag-gesundheit"],"blocksy_meta":[],"acf":[],"author_username":"alk","telegram_post":"","public_post_metadata":{"breaking_news":"","important":"","csempe":"","center_tile":"","disable_thumbnail":"","target_lang":"","_featured_image_style":"","telegram_post":"","_xlat_group_id":""},"public_rank_math_data":{"title":"%title% %sep% %sitename%","description":"","focus_keyword":"","canonical_url":"","robots":"","primary_category":"1281","breadcrumb_title":"","facebook_title":"","facebook_description":"","facebook_image":"","facebook_image_id":"","twitter_title":"","twitter_description":"","twitter_image":"","twitter_image_id":"","twitter_card_type":"","twitter_use_facebook":"","advanced_robots":"","pillar_content":"","seo_score":"","contentai_score":"","rich_snippet":""},"_links":{"self":[{"href":"https:\/\/dailynewshungary.com\/de\/wp-json\/wp\/v2\/posts\/758262","targetHints":{"allow":["GET"]}}],"collection":[{"href":"https:\/\/dailynewshungary.com\/de\/wp-json\/wp\/v2\/posts"}],"about":[{"href":"https:\/\/dailynewshungary.com\/de\/wp-json\/wp\/v2\/types\/post"}],"author":[{"embeddable":true,"href":"https:\/\/dailynewshungary.com\/de\/wp-json\/wp\/v2\/users\/2"}],"replies":[{"embeddable":true,"href":"https:\/\/dailynewshungary.com\/de\/wp-json\/wp\/v2\/comments?post=758262"}],"version-history":[{"count":0,"href":"https:\/\/dailynewshungary.com\/de\/wp-json\/wp\/v2\/posts\/758262\/revisions"}],"wp:featuredmedia":[{"embeddable":true,"href":"https:\/\/dailynewshungary.com\/de\/wp-json\/wp\/v2\/media\/758263"}],"wp:attachment":[{"href":"https:\/\/dailynewshungary.com\/de\/wp-json\/wp\/v2\/media?parent=758262"}],"wp:term":[{"taxonomy":"category","embeddable":true,"href":"https:\/\/dailynewshungary.com\/de\/wp-json\/wp\/v2\/categories?post=758262"},{"taxonomy":"post_tag","embeddable":true,"href":"https:\/\/dailynewshungary.com\/de\/wp-json\/wp\/v2\/tags?post=758262"}],"curies":[{"name":"wp","href":"https:\/\/api.w.org\/{rel}","templated":true}]}}