{"id":758314,"date":"2016-05-14T09:30:56","date_gmt":"2016-05-14T07:30:56","guid":{"rendered":"https:\/\/dailynewshungary.com\/de\/regierung-startet-kampagne-gegen-die-risiken-des-eu-umsiedlungsprogramms-fur-migranten\/"},"modified":"2016-05-14T09:30:56","modified_gmt":"2016-05-14T07:30:56","slug":"regierung-startet-kampagne-gegen-die-risiken-des-eu-umsiedlungsprogramms-fur-migranten","status":"publish","type":"post","link":"https:\/\/dailynewshungary.com\/de\/regierung-startet-kampagne-gegen-die-risiken-des-eu-umsiedlungsprogramms-fur-migranten\/","title":{"rendered":"Regierung startet Kampagne gegen die Risiken des EU-Umsiedlungsprogramms f\u00fcr Migranten"},"content":{"rendered":"<p><strong>Budapest (MTI) \u2013 Die Regierung bereitet den Start einer Kampagne zu den Risiken des obligatorischen Umsiedlungsprogramms f\u00fcr Migranten der Europ\u00e4ischen Union vor, sagte der Staatssekret\u00e4r f\u00fcr Regierungsmitteilungen am Freitag.<\/strong><\/p>\n<p>Bence Tuzson teilte dem \u00f6ffentlichen Nachrichtensender M1 mit, dass die 4,9 Milliarden Forint (15,5 Mio. EUR), die f\u00fcr das Referendum \u00fcber die Migrantenquote der Regierung bereitgestellt wurden, die Kosten der geplanten Kampagne nicht enthalten, und f\u00fcgte hinzu, dass die Regierung noch nicht entschieden habe, wie viel sie daf\u00fcr ausgeben wolle.<\/p>\n<p>Die Einzelheiten der Kampagne wurden vom Staatssekret\u00e4r nicht n\u00e4her ausgef\u00fchrt.<\/p>\n<p>Er sagte, es sei die Pflicht der Regierung, die \u00d6ffentlichkeit \u00fcber die Gefahren des EU-Umsiedlungsplans f\u00fcr Migranten zu informieren \u201cBr\u00fcssel muss verstehen, dass Europa nicht auf den Kopf gestellt werden kann\u201d, sagte erDer Kontinent besteht aus unabh\u00e4ngigen Nationalstaaten, und die EU muss ihre Entscheidung akzeptierenf\u00fcgte Tuzson hinzu.<\/p>\n","protected":false},"excerpt":{"rendered":"<p>Budapest (MTI) \u2013 Die Regierung bereitet den Start einer Kampagne zu den Risiken des obligatorischen Umsiedlungsprogramms f\u00fcr Migranten der Europ\u00e4ischen Union vor, sagte der Staatssekret\u00e4r f\u00fcr Regierungsmitteilungen am Freitag. Bence Tuzson teilte dem \u00f6ffentlichen Nachrichtensender M1 mit, dass die 4,9 Milliarden Forint (15,5 Mio. EUR), die f\u00fcr das Referendum \u00fcber die Migrantenquote der Regierung bereitgestellt [&hellip;]<\/p>\n","protected":false},"author":2,"featured_media":758315,"comment_status":"open","ping_status":"open","sticky":false,"template":"","format":"standard","meta":{"_acf_changed":false,"_display_image":"","footnotes":""},"categories":[1081],"tags":[1082,1871,1445],"class_list":["post-758314","post","type-post","status-publish","format-standard","has-post-thumbnail","hentry","category-politik","tag-europaische-union","tag-migrantenquoten","tag-migration"],"blocksy_meta":[],"acf":[],"author_username":"alk","telegram_post":"","public_post_metadata":{"breaking_news":"","important":"","csempe":"","center_tile":"","disable_thumbnail":"","target_lang":"","_featured_image_style":"","telegram_post":"","_xlat_group_id":""},"public_rank_math_data":{"title":"%title% %sep% %sitename%","description":"","focus_keyword":"","canonical_url":"","robots":"","primary_category":"1081","breadcrumb_title":"","facebook_title":"","facebook_description":"","facebook_image":"","facebook_image_id":"","twitter_title":"","twitter_description":"","twitter_image":"","twitter_image_id":"","twitter_card_type":"","twitter_use_facebook":"","advanced_robots":"","pillar_content":"","seo_score":"","contentai_score":"","rich_snippet":""},"_links":{"self":[{"href":"https:\/\/dailynewshungary.com\/de\/wp-json\/wp\/v2\/posts\/758314","targetHints":{"allow":["GET"]}}],"collection":[{"href":"https:\/\/dailynewshungary.com\/de\/wp-json\/wp\/v2\/posts"}],"about":[{"href":"https:\/\/dailynewshungary.com\/de\/wp-json\/wp\/v2\/types\/post"}],"author":[{"embeddable":true,"href":"https:\/\/dailynewshungary.com\/de\/wp-json\/wp\/v2\/users\/2"}],"replies":[{"embeddable":true,"href":"https:\/\/dailynewshungary.com\/de\/wp-json\/wp\/v2\/comments?post=758314"}],"version-history":[{"count":0,"href":"https:\/\/dailynewshungary.com\/de\/wp-json\/wp\/v2\/posts\/758314\/revisions"}],"wp:featuredmedia":[{"embeddable":true,"href":"https:\/\/dailynewshungary.com\/de\/wp-json\/wp\/v2\/media\/758315"}],"wp:attachment":[{"href":"https:\/\/dailynewshungary.com\/de\/wp-json\/wp\/v2\/media?parent=758314"}],"wp:term":[{"taxonomy":"category","embeddable":true,"href":"https:\/\/dailynewshungary.com\/de\/wp-json\/wp\/v2\/categories?post=758314"},{"taxonomy":"post_tag","embeddable":true,"href":"https:\/\/dailynewshungary.com\/de\/wp-json\/wp\/v2\/tags?post=758314"}],"curies":[{"name":"wp","href":"https:\/\/api.w.org\/{rel}","templated":true}]}}