{"id":758325,"date":"2016-05-13T21:20:48","date_gmt":"2016-05-13T19:20:48","guid":{"rendered":"https:\/\/dailynewshungary.com\/de\/schengen-minister-diskutieren-uber-migrantenkrise-in-ungarn\/"},"modified":"2016-05-13T21:20:48","modified_gmt":"2016-05-13T19:20:48","slug":"schengen-minister-diskutieren-uber-migrantenkrise-in-ungarn","status":"publish","type":"post","link":"https:\/\/dailynewshungary.com\/de\/schengen-minister-diskutieren-uber-migrantenkrise-in-ungarn\/","title":{"rendered":"Schengen-Minister diskutieren \u00fcber Migrantenkrise in Ungarn"},"content":{"rendered":"<p><strong>Budapest, 13. Mai (MTI) \u2013 Die Innenminister der L\u00e4nder des Schengen-Raums trafen sich am Freitag in Szeged in S\u00fcdungarn, um Grenzfragen im Zusammenhang mit der Fl\u00fcchtlingskrise zu besprechen.<\/strong><\/p>\n<p>Die Minister verabschiedeten am Ende des Treffens eine abschlie\u00dfende Erkl\u00e4rung, sagte Ungarns Samendor Pinteer auf einer Pressekonferenz. Ziel des Treffens war es, die Antworten der L\u00e4nder auf die Herausforderungen im Zusammenhang mit der Krise zu harmonisieren und gemeinsame Anstrengungen durch den Austausch bew\u00e4hrter Verfahren und die Neugruppierung von Ressourcen zu unterst\u00fctzen. Ein Beispiel hierf\u00fcr war, als L\u00e4nder Slowenien mit lebendigen Kr\u00e4ften beim Schutz der EU-Au\u00dfengrenzen halfen.<\/p>\n<p><strong>Verwandter Artikel:<\/strong><br \/>\n<a href=\"https:\/\/dailynewshungary.com\/de\/schengen-minister-treffen-sich-in-sudungarn\/\" target=\"_blank\">SCHENGENER MINISTER TREFFEN SICH IN S\u00dcDUNGARN<\/a><\/p>\n<p>Ungarns Justizminister L\u00e1szl\u00f3 Tr\u00f3cs\u00e1nyi wies darauf hin, wie wichtig es sei, Gesetze einzuhalten und durchzusetzen. Viele L\u00e4nder h\u00e4tten die Dublin-Verordnungen nicht eingehalten und Ungarn m\u00fcsse infolgedessen die Registrierung von mehr als 190.000 Menschen abschlie\u00dfen. Gesetze m\u00fcssten auch wirksam sein, sagte er und f\u00fcgte hinzu, dass 1.145 Menschen von den 160.000 Menschen umgesiedelt worden seien, die in einem Urteil des Europ\u00e4ischen Rates vom vergangenen September festgelegt worden seien.<\/p>\n<p><em>Foto: MTI<\/em><\/p>\n","protected":false},"excerpt":{"rendered":"<p>Budapest, 13. Mai (MTI) \u2013 Die Innenminister der L\u00e4nder des Schengen-Raums trafen sich am Freitag in Szeged in S\u00fcdungarn, um Grenzfragen im Zusammenhang mit der Fl\u00fcchtlingskrise zu besprechen. Die Minister verabschiedeten am Ende des Treffens eine abschlie\u00dfende Erkl\u00e4rung, sagte Ungarns Samendor Pinteer auf einer Pressekonferenz. Ziel des Treffens war es, die Antworten der L\u00e4nder auf [&hellip;]<\/p>\n","protected":false},"author":2,"featured_media":758326,"comment_status":"open","ping_status":"open","sticky":false,"template":"","format":"standard","meta":{"_acf_changed":false,"_display_image":"","footnotes":""},"categories":[1081],"tags":[1082,1597,1299],"class_list":["post-758325","post","type-post","status-publish","format-standard","has-post-thumbnail","hentry","category-politik","tag-europaische-union","tag-konferenz","tag-schengen"],"blocksy_meta":[],"acf":[],"author_username":"alk","telegram_post":"","public_post_metadata":{"breaking_news":"","important":"","csempe":"","center_tile":"","disable_thumbnail":"","target_lang":"","_featured_image_style":"","telegram_post":"","_xlat_group_id":""},"public_rank_math_data":{"title":"%title% %sep% %sitename%","description":"","focus_keyword":"","canonical_url":"","robots":"","primary_category":"1081","breadcrumb_title":"","facebook_title":"","facebook_description":"","facebook_image":"","facebook_image_id":"","twitter_title":"","twitter_description":"","twitter_image":"","twitter_image_id":"","twitter_card_type":"","twitter_use_facebook":"","advanced_robots":"","pillar_content":"","seo_score":"","contentai_score":"","rich_snippet":""},"_links":{"self":[{"href":"https:\/\/dailynewshungary.com\/de\/wp-json\/wp\/v2\/posts\/758325","targetHints":{"allow":["GET"]}}],"collection":[{"href":"https:\/\/dailynewshungary.com\/de\/wp-json\/wp\/v2\/posts"}],"about":[{"href":"https:\/\/dailynewshungary.com\/de\/wp-json\/wp\/v2\/types\/post"}],"author":[{"embeddable":true,"href":"https:\/\/dailynewshungary.com\/de\/wp-json\/wp\/v2\/users\/2"}],"replies":[{"embeddable":true,"href":"https:\/\/dailynewshungary.com\/de\/wp-json\/wp\/v2\/comments?post=758325"}],"version-history":[{"count":0,"href":"https:\/\/dailynewshungary.com\/de\/wp-json\/wp\/v2\/posts\/758325\/revisions"}],"wp:featuredmedia":[{"embeddable":true,"href":"https:\/\/dailynewshungary.com\/de\/wp-json\/wp\/v2\/media\/758326"}],"wp:attachment":[{"href":"https:\/\/dailynewshungary.com\/de\/wp-json\/wp\/v2\/media?parent=758325"}],"wp:term":[{"taxonomy":"category","embeddable":true,"href":"https:\/\/dailynewshungary.com\/de\/wp-json\/wp\/v2\/categories?post=758325"},{"taxonomy":"post_tag","embeddable":true,"href":"https:\/\/dailynewshungary.com\/de\/wp-json\/wp\/v2\/tags?post=758325"}],"curies":[{"name":"wp","href":"https:\/\/api.w.org\/{rel}","templated":true}]}}