{"id":758341,"date":"2016-05-13T13:10:19","date_gmt":"2016-05-13T11:10:19","guid":{"rendered":"https:\/\/dailynewshungary.com\/de\/ungarische-regierung-quoten-ablehnen-heist-nicht-nein-zu-eu\/"},"modified":"2016-05-13T13:10:19","modified_gmt":"2016-05-13T11:10:19","slug":"ungarische-regierung-quoten-ablehnen-heist-nicht-nein-zu-eu","status":"publish","type":"post","link":"https:\/\/dailynewshungary.com\/de\/ungarische-regierung-quoten-ablehnen-heist-nicht-nein-zu-eu\/","title":{"rendered":"Ungarische Regierung: Quoten ablehnen hei\u00dft nicht \u2018Nein\u2019 zu EU"},"content":{"rendered":"<p><strong>Budapest, 13. Mai (MTI) \u201eAnzeige\u201cRegierungssprecher Zolt\u00e1n Kov\u00e1cs hat die Idee \u201eals Unsinn\u201d abgetan, dass jede Ablehnung der geplanten obligatorischen Migrantenquoten der Europ\u00e4ischen Union in einem bevorstehenden ungarischen Referendum ein Votum gegen die Europ\u00e4ische Union w\u00e4re.<\/strong><\/p>\n<p>Dieser Vorwurf werde immer dann erhoben, wenn Ungarn einige Aspekte des Systems und der Herangehensweise der EU an bestimmte Themen kritisiere, sagte er.<\/p>\n<p>\u201cEine Meinungsverschiedenheit bedeutet jedoch nicht, dass wir gegen etwas sind\u201d, sagte erEs ist ein gemeinsames Interesse, dass eine gut funktionierende, effiziente und starke EU die wirtschaftlichen, sozialen und demografischen Herausforderungen, vor denen sie steht, bew\u00e4ltigen solltef\u00fcgte er hinzu.<\/p>\n<p>Kov\u00e1cs sagte, die Regierung und eine Mehrheit der Ungarn lehnen die geplante obligatorische Umsiedlung von Migranten in das Land ab. Das f\u00fcr September oder Oktober geplante Referendum werde es der Regierung und dem Premierminister erm\u00f6glichen, eine klare Position vorzubringen, die mehreren anderen Mitgliedstaaten als Ermutigung dienen k\u00f6nnte, sagte Kov\u00e1cs.<\/p>\n<p><em>Foto: MTI<\/em><\/p>\n","protected":false},"excerpt":{"rendered":"<p>Budapest, 13. Mai (MTI) \u201eAnzeige\u201cRegierungssprecher Zolt\u00e1n Kov\u00e1cs hat die Idee \u201eals Unsinn\u201d abgetan, dass jede Ablehnung der geplanten obligatorischen Migrantenquoten der Europ\u00e4ischen Union in einem bevorstehenden ungarischen Referendum ein Votum gegen die Europ\u00e4ische Union w\u00e4re. Dieser Vorwurf werde immer dann erhoben, wenn Ungarn einige Aspekte des Systems und der Herangehensweise der EU an bestimmte Themen [&hellip;]<\/p>\n","protected":false},"author":2,"featured_media":758342,"comment_status":"open","ping_status":"open","sticky":false,"template":"","format":"standard","meta":{"_acf_changed":false,"_display_image":"","footnotes":""},"categories":[1081],"tags":[1082,1871],"class_list":["post-758341","post","type-post","status-publish","format-standard","has-post-thumbnail","hentry","category-politik","tag-europaische-union","tag-migrantenquoten"],"blocksy_meta":[],"acf":[],"author_username":"alk","telegram_post":"","public_post_metadata":{"breaking_news":"","important":"","csempe":"","center_tile":"","disable_thumbnail":"","target_lang":"","_featured_image_style":"","telegram_post":"","_xlat_group_id":""},"public_rank_math_data":{"title":"%title% %sep% %sitename%","description":"","focus_keyword":"","canonical_url":"","robots":"","primary_category":"1081","breadcrumb_title":"","facebook_title":"","facebook_description":"","facebook_image":"","facebook_image_id":"","twitter_title":"","twitter_description":"","twitter_image":"","twitter_image_id":"","twitter_card_type":"","twitter_use_facebook":"","advanced_robots":"","pillar_content":"","seo_score":"","contentai_score":"","rich_snippet":""},"_links":{"self":[{"href":"https:\/\/dailynewshungary.com\/de\/wp-json\/wp\/v2\/posts\/758341","targetHints":{"allow":["GET"]}}],"collection":[{"href":"https:\/\/dailynewshungary.com\/de\/wp-json\/wp\/v2\/posts"}],"about":[{"href":"https:\/\/dailynewshungary.com\/de\/wp-json\/wp\/v2\/types\/post"}],"author":[{"embeddable":true,"href":"https:\/\/dailynewshungary.com\/de\/wp-json\/wp\/v2\/users\/2"}],"replies":[{"embeddable":true,"href":"https:\/\/dailynewshungary.com\/de\/wp-json\/wp\/v2\/comments?post=758341"}],"version-history":[{"count":0,"href":"https:\/\/dailynewshungary.com\/de\/wp-json\/wp\/v2\/posts\/758341\/revisions"}],"wp:featuredmedia":[{"embeddable":true,"href":"https:\/\/dailynewshungary.com\/de\/wp-json\/wp\/v2\/media\/758342"}],"wp:attachment":[{"href":"https:\/\/dailynewshungary.com\/de\/wp-json\/wp\/v2\/media?parent=758341"}],"wp:term":[{"taxonomy":"category","embeddable":true,"href":"https:\/\/dailynewshungary.com\/de\/wp-json\/wp\/v2\/categories?post=758341"},{"taxonomy":"post_tag","embeddable":true,"href":"https:\/\/dailynewshungary.com\/de\/wp-json\/wp\/v2\/tags?post=758341"}],"curies":[{"name":"wp","href":"https:\/\/api.w.org\/{rel}","templated":true}]}}