{"id":758347,"date":"2016-05-13T10:10:05","date_gmt":"2016-05-13T08:10:05","guid":{"rendered":"https:\/\/dailynewshungary.com\/de\/ungarischer-ausenminister-prasselt-auf-asselborns-hypokrisie-ein\/"},"modified":"2016-05-13T10:10:05","modified_gmt":"2016-05-13T08:10:05","slug":"ungarischer-ausenminister-prasselt-auf-asselborns-hypokrisie-ein","status":"publish","type":"post","link":"https:\/\/dailynewshungary.com\/de\/ungarischer-ausenminister-prasselt-auf-asselborns-hypokrisie-ein\/","title":{"rendered":"Ungarischer Au\u00dfenminister prasselt auf Asselborns \u2018Hypokrisie\u2019 ein"},"content":{"rendered":"<p><strong>Budapest, 13. Mai (MTI) \u2013 Als Reaktion auf die j\u00fcngsten \u00c4u\u00dferungen von Jean Asselborn, dem luxemburgischen Au\u00dfenminister, wies sein ungarischer Amtskollege P\u00e9ter Szijj\u00e1rt\u00f3 die Kritik an Ungarns geplantem Referendum \u00fcber die Migrantenquoten in der Europ\u00e4ischen Union zur\u00fcck.<\/strong><\/p>\n<p><a href=\"https:\/\/dailynewshungary.com\/de\/ungarisches-ausenministerium-erklarung-des-luxemburgischen-ministers-inakzeptabel\/\" target=\"_blank\">Wie wir schrieben<\/a>\u201cin einem deutschen ARD-Fernsehinterview sagte Asselborn am vergangenen Wochenende, dass \u201cEuropa sterben wird\u201d, wenn Mitgliedstaaten Volksabstimmungen abhalten, um EU-Angelegenheiten zu entscheiden.<\/p>\n<p>\u201cWenn Europa stirbt, dann wegen seiner Heuchelei, die der luxemburgische Au\u00dfenminister auszeichnet\u201d, sagte Szijj\u00e1rt\u00f3 in einem <a href=\"http:\/\/mno.hu\/belfold\/szijjarto-peter-az-europai-unio-belehalhat-a-kepmutatasba-1342131\" target=\"_blank\" rel=\"noopener\">Interview mit Magyar Nemzet<\/a>.<\/p>\n<p>Szijj\u00e1\u00f3 sagte, westeurop\u00e4ische Politiker redeten immer \u00fcber die Bedeutung der Demokratie, aber auf der ungarischen Regierungsebene erkundigt sich die Meinung zu einem wichtigen Thema und stellt die demokratischste Methode in Frage. Referendum.<\/p>\n<p>Der Vorschlag, L\u00e4nder, die sich weigern, die EU-Migrantenquote einzuhalten, mit Geldstrafen zu belegen, sei \u201ceinfache Erpressung\u201d und widerspreche dem gesunden Menschenverstand, den europ\u00e4ischen Regeln und den europ\u00e4ischen Interessen, sagte Szijj\u00e1rt\u00f3 in dem am Freitag ver\u00f6ffentlichten Interview.<\/p>\n<p>Unterdessen sagte er, Ungarn sei f\u00fcr seine Teilnahme an internationalen Missionen hoch gesch\u00e4tzt. Derzeit seien rund 850 ungarische Soldaten in verschiedenen Auslandseins\u00e4tzen im Einsatz und ein Programm zur Erh\u00f6hung der Verteidigungsausgaben um 0,1 Prozent des BIP pro Jahr werde bis 2026 verl\u00e4ngert, f\u00fcgte er hinzu.<\/p>\n","protected":false},"excerpt":{"rendered":"<p>Budapest, 13. Mai (MTI) \u2013 Als Reaktion auf die j\u00fcngsten \u00c4u\u00dferungen von Jean Asselborn, dem luxemburgischen Au\u00dfenminister, wies sein ungarischer Amtskollege P\u00e9ter Szijj\u00e1rt\u00f3 die Kritik an Ungarns geplantem Referendum \u00fcber die Migrantenquoten in der Europ\u00e4ischen Union zur\u00fcck. Wie wir schrieben\u201cin einem deutschen ARD-Fernsehinterview sagte Asselborn am vergangenen Wochenende, dass \u201cEuropa sterben wird\u201d, wenn Mitgliedstaaten Volksabstimmungen [&hellip;]<\/p>\n","protected":false},"author":2,"featured_media":758348,"comment_status":"open","ping_status":"open","sticky":false,"template":"","format":"standard","meta":{"_acf_changed":false,"_display_image":"","footnotes":""},"categories":[1081],"tags":[1470,1082,1871,1445],"class_list":["post-758347","post","type-post","status-publish","format-standard","has-post-thumbnail","hentry","category-politik","tag-ausenministerium-fur-ungarn","tag-europaische-union","tag-migrantenquoten","tag-migration"],"blocksy_meta":[],"acf":[],"author_username":"alk","telegram_post":"","public_post_metadata":{"breaking_news":"","important":"","csempe":"","center_tile":"","disable_thumbnail":"","target_lang":"","_featured_image_style":"","telegram_post":"","_xlat_group_id":""},"public_rank_math_data":{"title":"%title% %sep% %sitename%","description":"","focus_keyword":"","canonical_url":"","robots":"","primary_category":"1081","breadcrumb_title":"","facebook_title":"","facebook_description":"","facebook_image":"","facebook_image_id":"","twitter_title":"","twitter_description":"","twitter_image":"","twitter_image_id":"","twitter_card_type":"","twitter_use_facebook":"","advanced_robots":"","pillar_content":"","seo_score":"","contentai_score":"","rich_snippet":""},"_links":{"self":[{"href":"https:\/\/dailynewshungary.com\/de\/wp-json\/wp\/v2\/posts\/758347","targetHints":{"allow":["GET"]}}],"collection":[{"href":"https:\/\/dailynewshungary.com\/de\/wp-json\/wp\/v2\/posts"}],"about":[{"href":"https:\/\/dailynewshungary.com\/de\/wp-json\/wp\/v2\/types\/post"}],"author":[{"embeddable":true,"href":"https:\/\/dailynewshungary.com\/de\/wp-json\/wp\/v2\/users\/2"}],"replies":[{"embeddable":true,"href":"https:\/\/dailynewshungary.com\/de\/wp-json\/wp\/v2\/comments?post=758347"}],"version-history":[{"count":0,"href":"https:\/\/dailynewshungary.com\/de\/wp-json\/wp\/v2\/posts\/758347\/revisions"}],"wp:featuredmedia":[{"embeddable":true,"href":"https:\/\/dailynewshungary.com\/de\/wp-json\/wp\/v2\/media\/758348"}],"wp:attachment":[{"href":"https:\/\/dailynewshungary.com\/de\/wp-json\/wp\/v2\/media?parent=758347"}],"wp:term":[{"taxonomy":"category","embeddable":true,"href":"https:\/\/dailynewshungary.com\/de\/wp-json\/wp\/v2\/categories?post=758347"},{"taxonomy":"post_tag","embeddable":true,"href":"https:\/\/dailynewshungary.com\/de\/wp-json\/wp\/v2\/tags?post=758347"}],"curies":[{"name":"wp","href":"https:\/\/api.w.org\/{rel}","templated":true}]}}