{"id":758357,"date":"2016-05-12T22:40:51","date_gmt":"2016-05-12T20:40:51","guid":{"rendered":"https:\/\/dailynewshungary.com\/de\/schengen-minister-treffen-sich-in-sudungarn\/"},"modified":"2016-05-12T22:40:51","modified_gmt":"2016-05-12T20:40:51","slug":"schengen-minister-treffen-sich-in-sudungarn","status":"publish","type":"post","link":"https:\/\/dailynewshungary.com\/de\/schengen-minister-treffen-sich-in-sudungarn\/","title":{"rendered":"Schengen-Minister treffen sich in S\u00fcdungarn"},"content":{"rendered":"<p><strong>Budapest, 12. Mai (MTI) \u2013 Vertreter von L\u00e4ndern des Schengen-Regimes der Europ\u00e4ischen Union trafen sich am Donnerstag im s\u00fcdungarischen Szeged zu einem Forum mit Themen rund um Migration im Mittelpunkt.<\/strong><\/p>\n<p>Die Delegationen aus Polen, Lettland, Litauen, Estland, Finnland, der Slowakei, Norwegen und Rum\u00e4nien wurden von der ungarischen Polizei \u00fcber lokale Ma\u00dfnahmen zur Eind\u00e4mmung der illegalen Einwanderung, \u00fcber Migrationstendenzen und -routen sowie \u00fcber die damit verbundene internationale Zusammenarbeit informiert.<\/p>\n<p>Vertreter der ungarischen Streitkr\u00e4fte zeigten der Konferenz anschlie\u00dfend die technische Ausr\u00fcstung, die bei der Kontrolle der Landesgrenzen eingesetzt wird.<\/p>\n<p><img loading=\"lazy\" decoding=\"async\" class=\"size-full wp-image-40417 aligncenter\" src=\"https:\/\/dailynewshungary.com\/wp-content\/uploads\/2016\/05\/pint\u00e9r.jpg\" alt=\"Pinteer\" width=\"600\" height=\"400\" srcset=\"https:\/\/contentf5.dailynewshungary.com\/wp-content\/uploads\/2016\/05\/pint\u00e9r.jpg 600w, https:\/\/contentf5.dailynewshungary.com\/wp-content\/uploads\/2016\/05\/pint\u00e9r-300x200.jpg 300w\" sizes=\"auto, (max-width: 600px) 100vw, 600px\"><\/p>\n<p>J\u00f3zsef Seres, Leiter der regionalen Einwanderungsbeh\u00f6rde, sagte, sein B\u00fcro habe seit Jahresbeginn insgesamt 3.600 Antr\u00e4ge von Asylbewerbern erhalten.<\/p>\n<p><em>Foto: MTI<\/em><\/p>\n","protected":false},"excerpt":{"rendered":"<p>Budapest, 12. Mai (MTI) \u2013 Vertreter von L\u00e4ndern des Schengen-Regimes der Europ\u00e4ischen Union trafen sich am Donnerstag im s\u00fcdungarischen Szeged zu einem Forum mit Themen rund um Migration im Mittelpunkt. Die Delegationen aus Polen, Lettland, Litauen, Estland, Finnland, der Slowakei, Norwegen und Rum\u00e4nien wurden von der ungarischen Polizei \u00fcber lokale Ma\u00dfnahmen zur Eind\u00e4mmung der illegalen [&hellip;]<\/p>\n","protected":false},"author":2,"featured_media":758358,"comment_status":"open","ping_status":"open","sticky":false,"template":"","format":"standard","meta":{"_acf_changed":false,"_display_image":"","footnotes":""},"categories":[1081],"tags":[1203,1445,1299],"class_list":["post-758357","post","type-post","status-publish","format-standard","has-post-thumbnail","hentry","category-politik","tag-armee","tag-migration","tag-schengen"],"blocksy_meta":[],"acf":[],"author_username":"alk","telegram_post":"","public_post_metadata":{"breaking_news":"","important":"","csempe":"","center_tile":"","disable_thumbnail":"","target_lang":"","_featured_image_style":"","telegram_post":"","_xlat_group_id":""},"public_rank_math_data":{"title":"%title% %sep% %sitename%","description":"","focus_keyword":"","canonical_url":"","robots":"","primary_category":"1081","breadcrumb_title":"","facebook_title":"","facebook_description":"","facebook_image":"","facebook_image_id":"","twitter_title":"","twitter_description":"","twitter_image":"","twitter_image_id":"","twitter_card_type":"","twitter_use_facebook":"","advanced_robots":"","pillar_content":"","seo_score":"","contentai_score":"","rich_snippet":""},"_links":{"self":[{"href":"https:\/\/dailynewshungary.com\/de\/wp-json\/wp\/v2\/posts\/758357","targetHints":{"allow":["GET"]}}],"collection":[{"href":"https:\/\/dailynewshungary.com\/de\/wp-json\/wp\/v2\/posts"}],"about":[{"href":"https:\/\/dailynewshungary.com\/de\/wp-json\/wp\/v2\/types\/post"}],"author":[{"embeddable":true,"href":"https:\/\/dailynewshungary.com\/de\/wp-json\/wp\/v2\/users\/2"}],"replies":[{"embeddable":true,"href":"https:\/\/dailynewshungary.com\/de\/wp-json\/wp\/v2\/comments?post=758357"}],"version-history":[{"count":0,"href":"https:\/\/dailynewshungary.com\/de\/wp-json\/wp\/v2\/posts\/758357\/revisions"}],"wp:featuredmedia":[{"embeddable":true,"href":"https:\/\/dailynewshungary.com\/de\/wp-json\/wp\/v2\/media\/758358"}],"wp:attachment":[{"href":"https:\/\/dailynewshungary.com\/de\/wp-json\/wp\/v2\/media?parent=758357"}],"wp:term":[{"taxonomy":"category","embeddable":true,"href":"https:\/\/dailynewshungary.com\/de\/wp-json\/wp\/v2\/categories?post=758357"},{"taxonomy":"post_tag","embeddable":true,"href":"https:\/\/dailynewshungary.com\/de\/wp-json\/wp\/v2\/tags?post=758357"}],"curies":[{"name":"wp","href":"https:\/\/api.w.org\/{rel}","templated":true}]}}