{"id":758406,"date":"2016-05-11T13:25:40","date_gmt":"2016-05-11T11:25:40","guid":{"rendered":"https:\/\/dailynewshungary.com\/de\/premierminister-trifft-sich-mit-leitern-der-international-canoe-federation\/"},"modified":"2016-05-11T13:25:40","modified_gmt":"2016-05-11T11:25:40","slug":"premierminister-trifft-sich-mit-leitern-der-international-canoe-federation","status":"publish","type":"post","link":"https:\/\/dailynewshungary.com\/de\/premierminister-trifft-sich-mit-leitern-der-international-canoe-federation\/","title":{"rendered":"Premierminister trifft sich mit Leitern der International Canoe Federation"},"content":{"rendered":"<p><strong>Budapest, 11. Mai (MTI) \u2013 Die westdeutsche Stadt Duisburg und die s\u00fcdungarische Stadt Szeged sind zwei \u201cTempel\u201d des Kajak-Kanufahrens, sagte Ministerpr\u00e4sident Viktor Orban am Mittwoch bei Gespr\u00e4chen mit Chefs des Internationalen Kanu-Verbandes (ICF).<\/strong><\/p>\n<p>ICF-Pr\u00e4sident Jose Perurena und Generalsekret\u00e4r Simon Toulson seien bei dem Treffen im Parlament von der Chefin des ungarischen Verbandes Etele Barath begleitet worden, sagte der Pressechef des Premierministers, Bertalan Havasi.<\/p>\n<p>Die Parteien einigten sich darauf, dass die ungarische Regierung die Sportanlagen in Szeged modernisieren und erweitern wird, wo die Qualifikationsweltmeisterschaft f\u00fcr die Olympischen Spiele 2019 stattfinden wird.<\/p>\n<p><img loading=\"lazy\" decoding=\"async\" class=\"size-full wp-image-40288 aligncenter\" src=\"https:\/\/dailynewshungary.com\/wp-content\/uploads\/2016\/05\/canoe-hungary-2.jpg\" alt=\"Kanu-ungarn-2\" width=\"600\" height=\"399\" srcset=\"https:\/\/contentf5.dailynewshungary.com\/wp-content\/uploads\/2016\/05\/canoe-hungary-2.jpg 600w, https:\/\/contentf5.dailynewshungary.com\/wp-content\/uploads\/2016\/05\/canoe-hungary-2-300x200.jpg 300w\" sizes=\"auto, (max-width: 600px) 100vw, 600px\"><\/p>\n<p>Budapests Bewerbung um die Ausrichtung der Olympischen Spiele, im Einklang mit dem Reformplan Agenda 2020 des Internationalen Olympischen Komitees, markiert Szeged als Austragungsort f\u00fcr Kajak-Kanurennen, so dass die geplanten Entwicklungen f\u00fcr die Weltmeisterschaft 2019 auch der Olympiakandidatur Ungarns dienen, so Havasi.<\/p>\n<p>An dem Treffen nahmen auch Pal Schmitt, Ehrenpr\u00e4sident des Ungarischen Olympischen Komitees, und Balazs Furjes, Regierungskommissar f\u00fcr hervorgehobene Budapester Investitionsprojekte und Leiter der Budapester Olympiakandidatur, teil.<\/p>\n<p><em>Foto: MTI<\/em><\/p>\n","protected":false},"excerpt":{"rendered":"<p>Budapest, 11. Mai (MTI) \u2013 Die westdeutsche Stadt Duisburg und die s\u00fcdungarische Stadt Szeged sind zwei \u201cTempel\u201d des Kajak-Kanufahrens, sagte Ministerpr\u00e4sident Viktor Orban am Mittwoch bei Gespr\u00e4chen mit Chefs des Internationalen Kanu-Verbandes (ICF). ICF-Pr\u00e4sident Jose Perurena und Generalsekret\u00e4r Simon Toulson seien bei dem Treffen im Parlament von der Chefin des ungarischen Verbandes Etele Barath begleitet [&hellip;]<\/p>\n","protected":false},"author":2,"featured_media":758407,"comment_status":"open","ping_status":"open","sticky":false,"template":"","format":"standard","meta":{"_acf_changed":false,"_display_image":"","footnotes":""},"categories":[1219],"tags":[1128],"class_list":["post-758406","post","type-post","status-publish","format-standard","has-post-thumbnail","hentry","category-sport","tag-viktor-orban"],"blocksy_meta":[],"acf":[],"author_username":"alk","telegram_post":"","public_post_metadata":{"breaking_news":"","important":"","csempe":"","center_tile":"","disable_thumbnail":"","target_lang":"","_featured_image_style":"","telegram_post":"","_xlat_group_id":""},"public_rank_math_data":{"title":"%title% %sep% %sitename%","description":"","focus_keyword":"","canonical_url":"","robots":"","primary_category":"1219","breadcrumb_title":"","facebook_title":"","facebook_description":"","facebook_image":"","facebook_image_id":"","twitter_title":"","twitter_description":"","twitter_image":"","twitter_image_id":"","twitter_card_type":"","twitter_use_facebook":"","advanced_robots":"","pillar_content":"","seo_score":"","contentai_score":"","rich_snippet":""},"_links":{"self":[{"href":"https:\/\/dailynewshungary.com\/de\/wp-json\/wp\/v2\/posts\/758406","targetHints":{"allow":["GET"]}}],"collection":[{"href":"https:\/\/dailynewshungary.com\/de\/wp-json\/wp\/v2\/posts"}],"about":[{"href":"https:\/\/dailynewshungary.com\/de\/wp-json\/wp\/v2\/types\/post"}],"author":[{"embeddable":true,"href":"https:\/\/dailynewshungary.com\/de\/wp-json\/wp\/v2\/users\/2"}],"replies":[{"embeddable":true,"href":"https:\/\/dailynewshungary.com\/de\/wp-json\/wp\/v2\/comments?post=758406"}],"version-history":[{"count":0,"href":"https:\/\/dailynewshungary.com\/de\/wp-json\/wp\/v2\/posts\/758406\/revisions"}],"wp:featuredmedia":[{"embeddable":true,"href":"https:\/\/dailynewshungary.com\/de\/wp-json\/wp\/v2\/media\/758407"}],"wp:attachment":[{"href":"https:\/\/dailynewshungary.com\/de\/wp-json\/wp\/v2\/media?parent=758406"}],"wp:term":[{"taxonomy":"category","embeddable":true,"href":"https:\/\/dailynewshungary.com\/de\/wp-json\/wp\/v2\/categories?post=758406"},{"taxonomy":"post_tag","embeddable":true,"href":"https:\/\/dailynewshungary.com\/de\/wp-json\/wp\/v2\/tags?post=758406"}],"curies":[{"name":"wp","href":"https:\/\/api.w.org\/{rel}","templated":true}]}}