{"id":758411,"date":"2016-05-11T10:20:05","date_gmt":"2016-05-11T08:20:05","guid":{"rendered":"https:\/\/dailynewshungary.com\/de\/regierung-die-kosten-fur-ungarn-fur-eu-migrantenstrafen-wurden-322-mio-eur-betragen\/"},"modified":"2016-05-11T10:20:05","modified_gmt":"2016-05-11T08:20:05","slug":"regierung-die-kosten-fur-ungarn-fur-eu-migrantenstrafen-wurden-322-mio-eur-betragen","status":"publish","type":"post","link":"https:\/\/dailynewshungary.com\/de\/regierung-die-kosten-fur-ungarn-fur-eu-migrantenstrafen-wurden-322-mio-eur-betragen\/","title":{"rendered":"Regierung: Die Kosten f\u00fcr Ungarn f\u00fcr EU-Migrantenstrafen w\u00fcrden 322 Mio. EUR betragen"},"content":{"rendered":"<p><strong>Budapest, 11. Mai (MTI) \u2013 W\u00fcrde Ungarn die Geldbu\u00dfen f\u00fcr die Verweigerung der Aufnahme von Migranten im Rahmen des Quotensystems der Europ\u00e4ischen Union zahlen, w\u00e4re das Budget um rund 100 Milliarden Forint (322 Mio. EUR) schlechter gestellt, sagte der Staatssekret\u00e4r f\u00fcr Regierungsmitteilungen am sp\u00e4ten Dienstag.<\/strong><\/p>\n<p>Bence Tuzson wies darauf hin, dass Br\u00fcssel angegeben habe, dass gegen L\u00e4nder, die sich weigern, an dem Programm teilzunehmen, eine Abgabe von 250.000 Euro pro Migrant erhoben werde und dass Ungarn voraussichtlich 1.290 Migranten aufnehmen werde.<\/p>\n<p>Er sagte, diese Summe \u00fcbersteige die Mittel, die f\u00fcr Mehrwertsteuersenkungen im Haushalt des n\u00e4chsten Jahres vorgesehen seien \u201cWir nehmen also etwa eine sehr gro\u00dfe Summe\u201d, sagte er und f\u00fcgte hinzu, dass Ungarn ein B\u00fcndnis mit der Tschechischen Republik, der Slowakei und Polen eingehe, um Lobbyarbeit in dieser Frage zu betreiben.<\/p>\n<p><em>Foto: Bal\u00e1zs B\u00e9li<\/em><\/p>\n","protected":false},"excerpt":{"rendered":"<p>Budapest, 11. Mai (MTI) \u2013 W\u00fcrde Ungarn die Geldbu\u00dfen f\u00fcr die Verweigerung der Aufnahme von Migranten im Rahmen des Quotensystems der Europ\u00e4ischen Union zahlen, w\u00e4re das Budget um rund 100 Milliarden Forint (322 Mio. EUR) schlechter gestellt, sagte der Staatssekret\u00e4r f\u00fcr Regierungsmitteilungen am sp\u00e4ten Dienstag. Bence Tuzson wies darauf hin, dass Br\u00fcssel angegeben habe, dass [&hellip;]<\/p>\n","protected":false},"author":2,"featured_media":758412,"comment_status":"open","ping_status":"open","sticky":false,"template":"","format":"standard","meta":{"_acf_changed":false,"_display_image":"","footnotes":""},"categories":[1081],"tags":[1082,1871,1445],"class_list":["post-758411","post","type-post","status-publish","format-standard","has-post-thumbnail","hentry","category-politik","tag-europaische-union","tag-migrantenquoten","tag-migration"],"blocksy_meta":[],"acf":[],"author_username":"alk","telegram_post":"","public_post_metadata":{"breaking_news":"","important":"","csempe":"","center_tile":"","disable_thumbnail":"","target_lang":"","_featured_image_style":"","telegram_post":"","_xlat_group_id":""},"public_rank_math_data":{"title":"%title% %sep% %sitename%","description":"","focus_keyword":"","canonical_url":"","robots":"","primary_category":"1081","breadcrumb_title":"","facebook_title":"","facebook_description":"","facebook_image":"","facebook_image_id":"","twitter_title":"","twitter_description":"","twitter_image":"","twitter_image_id":"","twitter_card_type":"","twitter_use_facebook":"","advanced_robots":"","pillar_content":"","seo_score":"","contentai_score":"","rich_snippet":""},"_links":{"self":[{"href":"https:\/\/dailynewshungary.com\/de\/wp-json\/wp\/v2\/posts\/758411","targetHints":{"allow":["GET"]}}],"collection":[{"href":"https:\/\/dailynewshungary.com\/de\/wp-json\/wp\/v2\/posts"}],"about":[{"href":"https:\/\/dailynewshungary.com\/de\/wp-json\/wp\/v2\/types\/post"}],"author":[{"embeddable":true,"href":"https:\/\/dailynewshungary.com\/de\/wp-json\/wp\/v2\/users\/2"}],"replies":[{"embeddable":true,"href":"https:\/\/dailynewshungary.com\/de\/wp-json\/wp\/v2\/comments?post=758411"}],"version-history":[{"count":0,"href":"https:\/\/dailynewshungary.com\/de\/wp-json\/wp\/v2\/posts\/758411\/revisions"}],"wp:featuredmedia":[{"embeddable":true,"href":"https:\/\/dailynewshungary.com\/de\/wp-json\/wp\/v2\/media\/758412"}],"wp:attachment":[{"href":"https:\/\/dailynewshungary.com\/de\/wp-json\/wp\/v2\/media?parent=758411"}],"wp:term":[{"taxonomy":"category","embeddable":true,"href":"https:\/\/dailynewshungary.com\/de\/wp-json\/wp\/v2\/categories?post=758411"},{"taxonomy":"post_tag","embeddable":true,"href":"https:\/\/dailynewshungary.com\/de\/wp-json\/wp\/v2\/tags?post=758411"}],"curies":[{"name":"wp","href":"https:\/\/api.w.org\/{rel}","templated":true}]}}