{"id":758434,"date":"2016-05-10T17:30:09","date_gmt":"2016-05-10T15:30:09","guid":{"rendered":"https:\/\/dailynewshungary.com\/de\/orban-unterzeichnet-modern-cities-kooperation-mit-veszprem\/"},"modified":"2016-05-10T17:30:09","modified_gmt":"2016-05-10T15:30:09","slug":"orban-unterzeichnet-modern-cities-kooperation-mit-veszprem","status":"publish","type":"post","link":"https:\/\/dailynewshungary.com\/de\/orban-unterzeichnet-modern-cities-kooperation-mit-veszprem\/","title":{"rendered":"Orb\u00e1n unterzeichnet Modern Cities-Kooperation mit Veszpr\u00e9m"},"content":{"rendered":"<p><strong>Budapest, 10. Mai (MTI) \u2013 Premierminister Viktor Orb\u00e1n unterzeichnete am Dienstag eine Kooperationsvereinbarung mit dem B\u00fcrgermeister von Veszpr\u00e9m in Westungarn im Rahmen des Modern Cities-Programms der Regierung.<\/strong><\/p>\n<p>Nach der Unterzeichnungszeremonie lobte Orb\u00e1n die Leistungen von Veszpr\u00e9m und sagte, dass die Stadt ihre Ressourcen erfolgreich genutzt habe.<\/p>\n<p>Bez\u00fcglich der Vereinbarung sagte der Premierminister, dass die Regierung die Stadt bei Projekten wie dem Bau neuer Stra\u00dfen und eines Industrieparks, Verbesserungen des \u00f6rtlichen Zoos, der Renovierung des Stadttheaters und einer Musikschule unterst\u00fctzen werde.<\/p>\n<p><img loading=\"lazy\" decoding=\"async\" class=\"size-full wp-image-40180 aligncenter\" src=\"https:\/\/dailynewshungary.com\/wp-content\/uploads\/2016\/05\/Download-4.jpg\" alt=\"Herunterladen (4)\" width=\"600\" height=\"399\" srcset=\"https:\/\/contentf5.dailynewshungary.com\/wp-content\/uploads\/2016\/05\/Download-4.jpg 600w, https:\/\/contentf5.dailynewshungary.com\/wp-content\/uploads\/2016\/05\/Download-4-300x200.jpg 300w\" sizes=\"auto, (max-width: 600px) 100vw, 600px\"><\/p>\n<h6>Orban: Ungarn strebt ein BIP-Wachstum von 5 Prozent an<\/h6>\n<p><strong>Budapest, 10. Mai (MTI) (Obwohl eine Wachstumsrate des BIP von 3 Prozent akzeptabel ist, kann Ungarn damit nicht zufrieden sein und sollte eine Wachstumsrate von 5 Prozent anstreben, sagte Ministerpr\u00e4sident Viktor Orban am Dienstag in Veszprem, in Westungarn.<\/strong><\/p>\n<p>Das ungarische BIP m\u00fcsste eine Wachstumsrate von 5 Prozent erreichen, wenn das Land sein wirtschaftliches Potenzial maximieren und die Kluft im Lebensstandard zu L\u00e4ndern verringern will, denen es besser geht, sagte Orban auf einer Pressekonferenz.<\/p>\n<p>Das Land verf\u00fcge noch nicht \u00fcber eine Wirtschaftspolitik, die das BIP-Wachstum auf dieses Niveau ankurbeln k\u00f6nnte, und das externe Umfeld sei derzeit auch nicht g\u00fcnstig genug, aber eine Wachstumsrate von 5 Prozent sollte immer noch das Ziel sein, sagte er.<\/p>\n<p><em>Foto: MTI<\/em><\/p>\n","protected":false},"excerpt":{"rendered":"<p>Budapest, 10. Mai (MTI) \u2013 Premierminister Viktor Orb\u00e1n unterzeichnete am Dienstag eine Kooperationsvereinbarung mit dem B\u00fcrgermeister von Veszpr\u00e9m in Westungarn im Rahmen des Modern Cities-Programms der Regierung. Nach der Unterzeichnungszeremonie lobte Orb\u00e1n die Leistungen von Veszpr\u00e9m und sagte, dass die Stadt ihre Ressourcen erfolgreich genutzt habe. Bez\u00fcglich der Vereinbarung sagte der Premierminister, dass die Regierung [&hellip;]<\/p>\n","protected":false},"author":2,"featured_media":758435,"comment_status":"open","ping_status":"open","sticky":false,"template":"","format":"standard","meta":{"_acf_changed":false,"_display_image":"","footnotes":""},"categories":[1281],"tags":[1128,1104],"class_list":["post-758434","post","type-post","status-publish","format-standard","has-post-thumbnail","hentry","category-geschaft","tag-viktor-orban","tag-wirtschaft"],"blocksy_meta":[],"acf":[],"author_username":"alk","telegram_post":"","public_post_metadata":{"breaking_news":"","important":"","csempe":"","center_tile":"","disable_thumbnail":"","target_lang":"","_featured_image_style":"","telegram_post":"","_xlat_group_id":""},"public_rank_math_data":{"title":"%title% %sep% %sitename%","description":"","focus_keyword":"","canonical_url":"","robots":"","primary_category":"1281","breadcrumb_title":"","facebook_title":"","facebook_description":"","facebook_image":"","facebook_image_id":"","twitter_title":"","twitter_description":"","twitter_image":"","twitter_image_id":"","twitter_card_type":"","twitter_use_facebook":"","advanced_robots":"","pillar_content":"","seo_score":"","contentai_score":"","rich_snippet":""},"_links":{"self":[{"href":"https:\/\/dailynewshungary.com\/de\/wp-json\/wp\/v2\/posts\/758434","targetHints":{"allow":["GET"]}}],"collection":[{"href":"https:\/\/dailynewshungary.com\/de\/wp-json\/wp\/v2\/posts"}],"about":[{"href":"https:\/\/dailynewshungary.com\/de\/wp-json\/wp\/v2\/types\/post"}],"author":[{"embeddable":true,"href":"https:\/\/dailynewshungary.com\/de\/wp-json\/wp\/v2\/users\/2"}],"replies":[{"embeddable":true,"href":"https:\/\/dailynewshungary.com\/de\/wp-json\/wp\/v2\/comments?post=758434"}],"version-history":[{"count":0,"href":"https:\/\/dailynewshungary.com\/de\/wp-json\/wp\/v2\/posts\/758434\/revisions"}],"wp:featuredmedia":[{"embeddable":true,"href":"https:\/\/dailynewshungary.com\/de\/wp-json\/wp\/v2\/media\/758435"}],"wp:attachment":[{"href":"https:\/\/dailynewshungary.com\/de\/wp-json\/wp\/v2\/media?parent=758434"}],"wp:term":[{"taxonomy":"category","embeddable":true,"href":"https:\/\/dailynewshungary.com\/de\/wp-json\/wp\/v2\/categories?post=758434"},{"taxonomy":"post_tag","embeddable":true,"href":"https:\/\/dailynewshungary.com\/de\/wp-json\/wp\/v2\/tags?post=758434"}],"curies":[{"name":"wp","href":"https:\/\/api.w.org\/{rel}","templated":true}]}}