{"id":758556,"date":"2016-05-06T09:10:36","date_gmt":"2016-05-06T07:10:36","guid":{"rendered":"https:\/\/dailynewshungary.com\/de\/regierung-migrationspaket-der-eu-antidemokratisch-unmenschlich\/"},"modified":"2016-05-06T09:10:36","modified_gmt":"2016-05-06T07:10:36","slug":"regierung-migrationspaket-der-eu-antidemokratisch-unmenschlich","status":"publish","type":"post","link":"https:\/\/dailynewshungary.com\/de\/regierung-migrationspaket-der-eu-antidemokratisch-unmenschlich\/","title":{"rendered":"Regierung: Migrationspaket der EU \u2018antidemokratisch, unmenschlich\u2019"},"content":{"rendered":"<p><strong>Budapest (MTI) \u201cDas j\u00fcngste Paket von Vorschl\u00e4gen der Europ\u00e4ischen Kommission zur Migrationskrise ist \u201cantidemokratisch und unmenschlich\u201d, sagte Janos Lazar, Leiter des Regierungsb\u00fcros, am Donnerstag in einer regelm\u00e4\u00dfigen Pressekonferenz der Regierung.<\/strong><\/p>\n<p>Der europ\u00e4ische Vorschlag, wonach Mitgliedstaaten mit einer Geldstrafe von 250.000 Euro pro abgelehntem Migranten belegt w\u00fcrden, w\u00fcrde den Mitgliedern ihr Recht auf Selbstbestimmung nehmen, sagte L\u00e1z\u00e1rIm Extremfall k\u00f6nnte die Verlagerung von Migranten nach Ungarn die Demografie des Landes erheblich ver\u00e4ndern Was passiert, ist, dass diejenigen, die die Migranten nach Europa \u201ceingeladen\u201d haben, welche ausgew\u00e4hlt haben und nun den \u201cRest\u201d verteilen wollen, sagte L\u00e1z\u00e1r.<\/p>\n<p>Der Vorschlag sei unmenschlich, weil \u201cer die Absichten von Migranten ignoriert\u201d, die nicht nach Osteuropa kommen, sondern in Deutschland bleiben wollen, sagte erEs \u201cruft die dunkelsten Jahre Europas hervor\u201d, weil \u201ces die Menschen nach ihrer Herkunft bewerten w\u00fcrde\u201d, was allen europ\u00e4ischen Werten widerspreche, f\u00fcgte er hinzu.<\/p>\n<p>L\u00e1z\u00e1r sagte, der Vorschlag der Europ\u00e4ischen Kommission sei \u201eErpressung\u201cund antwortete auf eine Frage, dass es falsch w\u00e4re, wenn Deutschland als eines der reichsten L\u00e4nder der Welt Ungarn f\u00fcr die L\u00f6sung des Problems bezahlen lassen w\u00fcrde.<\/p>\n<p>Der Minister sagte, die Regierung k\u00f6nne Br\u00fcssel \u201cnicht von allein stoppen\u201d und er nannte die Zusammenarbeit \u201cjeder Ungar\u201d Das Parlament solle die entsprechende Referendumsinitiative der Regierung so fr\u00fch wie m\u00f6glich verabschieden, dr\u00e4ngte er.<\/p>\n<p>L\u00e1z\u00e1r sagte, Ministerpr\u00e4sident Viktor Orb\u00e1n habe den Innenminister gebeten, sich mit Berichten \u00fcber Auseinandersetzungen zwischen Migranten und Studentinnen der Polizeiakademie in K\u00f6rmend im Westen Ungarns zu befassen. Die Migranten seien in Unterk\u00fcnften auf dem Gel\u00e4nde der Polizeiakademie untergebracht worden, wo die Studentinnen regelm\u00e4\u00dfig Sport in der Turnhalle treiben. Berichten zufolge h\u00e4tten Migranten die Frauen w\u00e4hrend ihres Trainings \u201cangeklagt\u201d und Fensterscheiben zerbrochen, sagte L\u00e1z\u00e1r unter Berufung auf Polizeiberichte.<\/p>\n<p><iframe loading=\"lazy\" style=\"border: none; overflow: hidden;\" src=\"https:\/\/www.facebook.com\/plugins\/post.php?href=https%3A%2F%2Fwww.facebook.com%2Fdailynewshungary%2Fposts%2F1011262008909370&amp;width=400\" width=\"600\" height=\"500\" frameborder=\"0\" scrolling=\"no\"><\/iframe><\/p>\n<p>Er sagte, die Regierung werde sich an den B\u00fcrgermeister von K\u00f6rmend, Istv\u00e1n Bebes, von den regierenden Fidesz-Christdemokraten wenden und f\u00fcgte hinzu, dass lokale F\u00fchrer gegen die Er\u00f6ffnung eines Aufnahmezentrums f\u00fcr Migranten protestiert h\u00e4tten. Das Zentrum sei nur eine vor\u00fcbergehende Einrichtung, die je nach Anzahl der Menschen offen oder geschlossen sei An der Grenze kommen \u201eDie Kapazit\u00e4t der Einrichtung in K\u00f6rmend betr\u00e4gt 300 und es gibt \u00e4hnliche \u201eoffene\u201cZentren in V\u00e1moszabadi und Bicske mit einer Kapazit\u00e4t von 490 bzw. 1.120.<\/p>\n<p>In einer \u201cgeschlossenen\u201d, bewachten Einrichtung in Kiskunhalas leben 440 Einwohner, in Ny\u00edrb\u00e1tor 28 und in B\u00e9k\u00e9scsaba 153, sagte L\u00e1z\u00e1r.<\/p>\n<p>Auf Vorschlag des Parlaments wird eine 8-km-Zone festgelegt, um den Schutz der Grenze zu gew\u00e4hrleisten, und wenn jemand in dieser Zone gefangen wird, wird er sofort zur\u00fcckgeschickt.<\/p>\n<p><img loading=\"lazy\" decoding=\"async\" class=\"size-full wp-image-39845 aligncenter\" src=\"https:\/\/dailynewshungary.com\/wp-content\/uploads\/2016\/05\/lazar.jpg\" alt=\"Lazar\" width=\"600\" height=\"399\" srcset=\"https:\/\/contentf5.dailynewshungary.com\/wp-content\/uploads\/2016\/05\/lazar.jpg 600w, https:\/\/contentf5.dailynewshungary.com\/wp-content\/uploads\/2016\/05\/lazar-300x200.jpg 300w\" sizes=\"auto, (max-width: 600px) 100vw, 600px\"><\/p>\n<p>Auf eine Frage im Zusammenhang mit einem Bericht des deutschen Blattes Die Welt, in dem gefragt wurde, ob das Zentrum in K\u00f6rmend verlegt worden sei, weil Ungarn hofft, dass Asylbewerber in das nahegelegene \u00d6sterreich ausreisen, lehnte er den Bericht als \u201cL\u00fcge\u201d ab. L\u00e1z\u00e1r sagte, die Standorte seien danach ausgew\u00e4hlt worden, ob es sich um staatliche Einrichtungen handele, die bei Bedarf verschlossen werden k\u00f6nnten, und ob die Stadt solche Einrichtungen bereits in der Vergangenheit beherbergt habe. Im Fall von K\u00f6rmend ging es vor allem darum, dass es sich um eine Berufsschule der Polizei handelt.<\/p>\n<p>Auf eine Frage zur Zukunft des nationalen Gesundheitsfonds OEP antwortete L\u00e1z\u00e1r, dass dieser neu organisiert und ein hochrangiger Experte ernannt werde, der bei der Verteilung der Aufgaben des Fonds zwischen der Staatskasse und dem Personalministerium helfen soll.<\/p>\n<p>Der Gro\u00dfteil der Aufgaben, wie die Bezahlung von Sachleistungen, werde auf die Staatskasse \u00fcbertragen, sagte erMit Beschluss vom Mittwoch werden die \u00fcbrigen Aufgaben des OEP in einem oder mehreren Schritten auf das Ministerium \u00fcbertragenf\u00fcgte er hinzu.<\/p>\n<p>Mehrere hochrangige Beamte der OEP und des Ministeriums \u00e4u\u00dferten Bedenken, aber der einzig m\u00f6gliche Kompromiss k\u00f6nnte in der Planung von \u00c4nderungen bestehen, sagte L\u00e1z\u00e1r.<\/p>\n<p><em>Foto: MTI<\/em><\/p>\n","protected":false},"excerpt":{"rendered":"<p>Budapest (MTI) \u201cDas j\u00fcngste Paket von Vorschl\u00e4gen der Europ\u00e4ischen Kommission zur Migrationskrise ist \u201cantidemokratisch und unmenschlich\u201d, sagte Janos Lazar, Leiter des Regierungsb\u00fcros, am Donnerstag in einer regelm\u00e4\u00dfigen Pressekonferenz der Regierung. Der europ\u00e4ische Vorschlag, wonach Mitgliedstaaten mit einer Geldstrafe von 250.000 Euro pro abgelehntem Migranten belegt w\u00fcrden, w\u00fcrde den Mitgliedern ihr Recht auf Selbstbestimmung nehmen, sagte [&hellip;]<\/p>\n","protected":false},"author":2,"featured_media":758557,"comment_status":"open","ping_status":"open","sticky":false,"template":"","format":"standard","meta":{"_acf_changed":false,"_display_image":"","footnotes":""},"categories":[1081],"tags":[1082,1871,1445],"class_list":["post-758556","post","type-post","status-publish","format-standard","has-post-thumbnail","hentry","category-politik","tag-europaische-union","tag-migrantenquoten","tag-migration"],"blocksy_meta":[],"acf":[],"author_username":"alk","telegram_post":"","public_post_metadata":{"breaking_news":"","important":"","csempe":"","center_tile":"","disable_thumbnail":"","target_lang":"","_featured_image_style":"","telegram_post":"","_xlat_group_id":""},"public_rank_math_data":{"title":"%title% %sep% %sitename%","description":"","focus_keyword":"","canonical_url":"","robots":"","primary_category":"1081","breadcrumb_title":"","facebook_title":"","facebook_description":"","facebook_image":"","facebook_image_id":"","twitter_title":"","twitter_description":"","twitter_image":"","twitter_image_id":"","twitter_card_type":"","twitter_use_facebook":"","advanced_robots":"","pillar_content":"","seo_score":"","contentai_score":"","rich_snippet":""},"_links":{"self":[{"href":"https:\/\/dailynewshungary.com\/de\/wp-json\/wp\/v2\/posts\/758556","targetHints":{"allow":["GET"]}}],"collection":[{"href":"https:\/\/dailynewshungary.com\/de\/wp-json\/wp\/v2\/posts"}],"about":[{"href":"https:\/\/dailynewshungary.com\/de\/wp-json\/wp\/v2\/types\/post"}],"author":[{"embeddable":true,"href":"https:\/\/dailynewshungary.com\/de\/wp-json\/wp\/v2\/users\/2"}],"replies":[{"embeddable":true,"href":"https:\/\/dailynewshungary.com\/de\/wp-json\/wp\/v2\/comments?post=758556"}],"version-history":[{"count":0,"href":"https:\/\/dailynewshungary.com\/de\/wp-json\/wp\/v2\/posts\/758556\/revisions"}],"wp:featuredmedia":[{"embeddable":true,"href":"https:\/\/dailynewshungary.com\/de\/wp-json\/wp\/v2\/media\/758557"}],"wp:attachment":[{"href":"https:\/\/dailynewshungary.com\/de\/wp-json\/wp\/v2\/media?parent=758556"}],"wp:term":[{"taxonomy":"category","embeddable":true,"href":"https:\/\/dailynewshungary.com\/de\/wp-json\/wp\/v2\/categories?post=758556"},{"taxonomy":"post_tag","embeddable":true,"href":"https:\/\/dailynewshungary.com\/de\/wp-json\/wp\/v2\/tags?post=758556"}],"curies":[{"name":"wp","href":"https:\/\/api.w.org\/{rel}","templated":true}]}}