{"id":758590,"date":"2016-05-04T19:40:17","date_gmt":"2016-05-04T17:40:17","guid":{"rendered":"https:\/\/dailynewshungary.com\/de\/ungarn-lehnt-brusseler-erpressungsversuch-ab\/"},"modified":"2016-05-04T19:40:17","modified_gmt":"2016-05-04T17:40:17","slug":"ungarn-lehnt-brusseler-erpressungsversuch-ab","status":"publish","type":"post","link":"https:\/\/dailynewshungary.com\/de\/ungarn-lehnt-brusseler-erpressungsversuch-ab\/","title":{"rendered":"Ungarn lehnt Br\u00fcsseler \u201cErpressungsversuch\u201d ab"},"content":{"rendered":"<p><strong>Prag, 4. Mai (MTI) \u2013 Die ungarische Regierung wird nicht der Erpressung im Zusammenhang mit den europ\u00e4ischen Migrantenquoten erliegen, sagte Au\u00dfenminister P\u00e9ter Szijj\u00e1rt\u00f3 am Mittwoch als Reaktion auf einen Vorschlag der Europ\u00e4ischen Kommission, wonach den EU-Mitgliedstaaten 250.000 Euro in Rechnung gestellt w\u00fcrden f\u00fcr jeden Fl\u00fcchtling, den sie nicht aufnehmen wollen.<\/strong><\/p>\n<p>Nach einem Treffen mit seinen Kollegen aus Visegrad Four und der \u00d6stlichen Partnerschaft in Prag bezeichnete Szijj\u00e1rt\u00f3 den Vorschlag als \u201eTotes Ende\u201cund wiederholte die Position der ungarischen Regierung, dass \u201ees nicht an Br\u00fcssel, sondern an den Ungarn liegt, zu entscheiden, wen wir willkommen hei\u00dfen, dort zu leben.\u201cdas Land\u201d.<\/p>\n<p><a href=\"https:\/\/dailynewshungary.com\/de\/regierung-die-von-der-eg-gemeldeten-plane-fur-migrantengebuhren-haarstrauben\/\" target=\"_blank\">Wie wir schrieben<\/a>\u201e(Anfang des Tages sagte Regierungssprecher Zolt\u00e1n Kov\u00e1cs, dass die Pl\u00e4ne der EG \u201eHaaraufzucht\u201cs\u00e4hen.<\/p>\n<p>Auf die Frage nach der bedingten Unterst\u00fctzung der EU f\u00fcr die visumfreie Einreise t\u00fcrkischer Staatsb\u00fcrger sagte Szijj\u00e1rt\u00f3, dass nur L\u00e4nder, die alle Anforderungen erf\u00fcllen, einen visumfreien Status erhalten sollten, und betonte, dass die Sicherheit der Ungarn \u201enicht verhandelbar\u201csei.<\/p>\n<p>Er sagte, die Gew\u00e4hrung des visumfreien Status der T\u00fcrkei vor Georgien oder der Ukraine allein auf der Grundlage des EU-T\u00fcrkei-Migrantenabkommens k\u00f6nnte der Glaubw\u00fcrdigkeit der EU schaden.<\/p>\n<p><em>Foto: MTI<\/em><\/p>\n","protected":false},"excerpt":{"rendered":"<p>Prag, 4. Mai (MTI) \u2013 Die ungarische Regierung wird nicht der Erpressung im Zusammenhang mit den europ\u00e4ischen Migrantenquoten erliegen, sagte Au\u00dfenminister P\u00e9ter Szijj\u00e1rt\u00f3 am Mittwoch als Reaktion auf einen Vorschlag der Europ\u00e4ischen Kommission, wonach den EU-Mitgliedstaaten 250.000 Euro in Rechnung gestellt w\u00fcrden f\u00fcr jeden Fl\u00fcchtling, den sie nicht aufnehmen wollen. Nach einem Treffen mit seinen [&hellip;]<\/p>\n","protected":false},"author":2,"featured_media":758591,"comment_status":"open","ping_status":"open","sticky":false,"template":"","format":"standard","meta":{"_acf_changed":false,"_display_image":"","footnotes":""},"categories":[1081],"tags":[1426,1082,1871,1445,1923],"class_list":["post-758590","post","type-post","status-publish","format-standard","has-post-thumbnail","hentry","category-politik","tag-europaische-kommission","tag-europaische-union","tag-migrantenquoten","tag-migration","tag-visegrad-vier"],"blocksy_meta":[],"acf":[],"author_username":"alk","telegram_post":"","public_post_metadata":{"breaking_news":"","important":"","csempe":"","center_tile":"","disable_thumbnail":"","target_lang":"","_featured_image_style":"","telegram_post":"","_xlat_group_id":""},"public_rank_math_data":{"title":"%title% %sep% %sitename%","description":"","focus_keyword":"","canonical_url":"","robots":"","primary_category":"1081","breadcrumb_title":"","facebook_title":"","facebook_description":"","facebook_image":"","facebook_image_id":"","twitter_title":"","twitter_description":"","twitter_image":"","twitter_image_id":"","twitter_card_type":"","twitter_use_facebook":"","advanced_robots":"","pillar_content":"","seo_score":"","contentai_score":"","rich_snippet":""},"_links":{"self":[{"href":"https:\/\/dailynewshungary.com\/de\/wp-json\/wp\/v2\/posts\/758590","targetHints":{"allow":["GET"]}}],"collection":[{"href":"https:\/\/dailynewshungary.com\/de\/wp-json\/wp\/v2\/posts"}],"about":[{"href":"https:\/\/dailynewshungary.com\/de\/wp-json\/wp\/v2\/types\/post"}],"author":[{"embeddable":true,"href":"https:\/\/dailynewshungary.com\/de\/wp-json\/wp\/v2\/users\/2"}],"replies":[{"embeddable":true,"href":"https:\/\/dailynewshungary.com\/de\/wp-json\/wp\/v2\/comments?post=758590"}],"version-history":[{"count":0,"href":"https:\/\/dailynewshungary.com\/de\/wp-json\/wp\/v2\/posts\/758590\/revisions"}],"wp:featuredmedia":[{"embeddable":true,"href":"https:\/\/dailynewshungary.com\/de\/wp-json\/wp\/v2\/media\/758591"}],"wp:attachment":[{"href":"https:\/\/dailynewshungary.com\/de\/wp-json\/wp\/v2\/media?parent=758590"}],"wp:term":[{"taxonomy":"category","embeddable":true,"href":"https:\/\/dailynewshungary.com\/de\/wp-json\/wp\/v2\/categories?post=758590"},{"taxonomy":"post_tag","embeddable":true,"href":"https:\/\/dailynewshungary.com\/de\/wp-json\/wp\/v2\/tags?post=758590"}],"curies":[{"name":"wp","href":"https:\/\/api.w.org\/{rel}","templated":true}]}}