{"id":758600,"date":"2016-05-04T14:02:38","date_gmt":"2016-05-04T12:02:38","guid":{"rendered":"https:\/\/dailynewshungary.com\/de\/regierung-die-von-der-eg-gemeldeten-plane-fur-migrantengebuhren-haarstrauben\/"},"modified":"2016-05-04T14:02:38","modified_gmt":"2016-05-04T12:02:38","slug":"regierung-die-von-der-eg-gemeldeten-plane-fur-migrantengebuhren-haarstrauben","status":"publish","type":"post","link":"https:\/\/dailynewshungary.com\/de\/regierung-die-von-der-eg-gemeldeten-plane-fur-migrantengebuhren-haarstrauben\/","title":{"rendered":"Regierung: Die von der EG gemeldeten Pl\u00e4ne f\u00fcr Migrantengeb\u00fchren \u201eHaarstr\u00e4uben\u201c\u201d"},"content":{"rendered":"<p><strong>Budapest, 4. Mai (MTI) \u201cHaarstr\u00e4ubend\u201d sei ein von der Financial Times gemeldeter Plan der Europ\u00e4ischen Kommission, Mitgliedstaaten, die sich weigern, Migranten aufzunehmen, 250.000 Euro pro Migranten in Rechnung zu stellen, sagte der Regierungssprecher am Mittwoch.<\/strong><\/p>\n<p>Zolt\u00e1n Kov\u00e1cs sagte gegen\u00fcber dem \u00f6ffentlich-rechtlichen Radio Kossuth, dass die Geb\u00fchr \u201cErpressung\u201d darstelle.<\/p>\n<p>In einem separaten Interview mit dem \u00f6ffentlichen Nachrichtensender M1 sagte Kov\u00e1cs, die Regierung wolle verhindern, dass Migranten illegal nach Europa kommen. Sofern sie nicht wirklich schutzbed\u00fcrftig seien, sollten sie Europa nicht betreten, f\u00fcgte er hinzu. Laut Kov\u00e1cs dient der sogenannte Schengen-2.0-Vorschlag der Regierung diesem Ziel, und immer mehr Menschen unterst\u00fctzen es.<\/p>\n<p>Die eigentliche Spaltungslinie in Europa verl\u00e4uft zwischen denen, die sich an die gemeinsamen Grenzschutzregeln halten, und denen, die dies nicht tun, sagte er.<\/p>\n<p>Die Regierung will ein Europa, in dem starke Mitgliedstaaten Entscheidungen zu Themen treffen k\u00f6nnen, die sie betreffen, wie zum Beispiel, mit wem sie in Zukunft zusammenleben wollen Deshalb ist ein Referendum \u00fcber die obligatorische Migrantenquote aktueller denn je und sein Ergebnis w\u00e4re f\u00fcr die EU unm\u00f6glich zu vernachl\u00e4ssigen, sagte er.<\/p>\n","protected":false},"excerpt":{"rendered":"<p>Budapest, 4. Mai (MTI) \u201cHaarstr\u00e4ubend\u201d sei ein von der Financial Times gemeldeter Plan der Europ\u00e4ischen Kommission, Mitgliedstaaten, die sich weigern, Migranten aufzunehmen, 250.000 Euro pro Migranten in Rechnung zu stellen, sagte der Regierungssprecher am Mittwoch. Zolt\u00e1n Kov\u00e1cs sagte gegen\u00fcber dem \u00f6ffentlich-rechtlichen Radio Kossuth, dass die Geb\u00fchr \u201cErpressung\u201d darstelle. In einem separaten Interview mit dem \u00f6ffentlichen [&hellip;]<\/p>\n","protected":false},"author":2,"featured_media":758601,"comment_status":"open","ping_status":"open","sticky":false,"template":"","format":"standard","meta":{"_acf_changed":false,"_display_image":"","footnotes":""},"categories":[1081],"tags":[1426,1082],"class_list":["post-758600","post","type-post","status-publish","format-standard","has-post-thumbnail","hentry","category-politik","tag-europaische-kommission","tag-europaische-union"],"blocksy_meta":[],"acf":[],"author_username":"alk","telegram_post":"","public_post_metadata":{"breaking_news":"","important":"","csempe":"","center_tile":"","disable_thumbnail":"","target_lang":"","_featured_image_style":"","telegram_post":"","_xlat_group_id":""},"public_rank_math_data":{"title":"%title% %sep% %sitename%","description":"","focus_keyword":"","canonical_url":"","robots":"","primary_category":"1081","breadcrumb_title":"","facebook_title":"","facebook_description":"","facebook_image":"","facebook_image_id":"","twitter_title":"","twitter_description":"","twitter_image":"","twitter_image_id":"","twitter_card_type":"","twitter_use_facebook":"","advanced_robots":"","pillar_content":"","seo_score":"","contentai_score":"","rich_snippet":""},"_links":{"self":[{"href":"https:\/\/dailynewshungary.com\/de\/wp-json\/wp\/v2\/posts\/758600","targetHints":{"allow":["GET"]}}],"collection":[{"href":"https:\/\/dailynewshungary.com\/de\/wp-json\/wp\/v2\/posts"}],"about":[{"href":"https:\/\/dailynewshungary.com\/de\/wp-json\/wp\/v2\/types\/post"}],"author":[{"embeddable":true,"href":"https:\/\/dailynewshungary.com\/de\/wp-json\/wp\/v2\/users\/2"}],"replies":[{"embeddable":true,"href":"https:\/\/dailynewshungary.com\/de\/wp-json\/wp\/v2\/comments?post=758600"}],"version-history":[{"count":0,"href":"https:\/\/dailynewshungary.com\/de\/wp-json\/wp\/v2\/posts\/758600\/revisions"}],"wp:featuredmedia":[{"embeddable":true,"href":"https:\/\/dailynewshungary.com\/de\/wp-json\/wp\/v2\/media\/758601"}],"wp:attachment":[{"href":"https:\/\/dailynewshungary.com\/de\/wp-json\/wp\/v2\/media?parent=758600"}],"wp:term":[{"taxonomy":"category","embeddable":true,"href":"https:\/\/dailynewshungary.com\/de\/wp-json\/wp\/v2\/categories?post=758600"},{"taxonomy":"post_tag","embeddable":true,"href":"https:\/\/dailynewshungary.com\/de\/wp-json\/wp\/v2\/tags?post=758600"}],"curies":[{"name":"wp","href":"https:\/\/api.w.org\/{rel}","templated":true}]}}