{"id":758628,"date":"2016-05-03T15:40:59","date_gmt":"2016-05-03T13:40:59","guid":{"rendered":"https:\/\/dailynewshungary.com\/de\/oppositionsparteien-verunglimpfen-referendum-uber-die-migrantenquote\/"},"modified":"2016-05-03T15:40:59","modified_gmt":"2016-05-03T13:40:59","slug":"oppositionsparteien-verunglimpfen-referendum-uber-die-migrantenquote","status":"publish","type":"post","link":"https:\/\/dailynewshungary.com\/de\/oppositionsparteien-verunglimpfen-referendum-uber-die-migrantenquote\/","title":{"rendered":"Oppositionsparteien verunglimpfen Referendum \u00fcber die Migrantenquote"},"content":{"rendered":"<p><strong>Budapest, 3. Mai (MTI) \u2013 Ungarns Oppositionsparteien kritisierten das von der Regierung geplante Referendum \u00fcber die von der Europ\u00e4ischen Union vorgeschlagene obligatorische Migrantenquotenregelung, nachdem das Oberste Gericht am Dienstag die Abstimmung in einer verbindlichen Entscheidung genehmigt hatte.<\/strong><\/p>\n<p><a href=\"https:\/\/dailynewshungary.com\/de\/oberster-gerichtshof-gibt-grunes-licht-fur-referendum-uber-migrantenquote\/\" target=\"_blank\">Wie wir schrieben<\/a>, die K\u00faria lehnte Berufungen gegen die Entscheidung des Nationalen Wahlausschusses ab, die Referendumsfrage zu verabschieden.<\/p>\n<p>Die radikal-nationalistische Jobbik-Partei meinte, das Parlament solle obligatorische Migrantenquoten ablehnen, indem es die Verfassung \u00e4ndere, anstatt ein Referendum abzuhalten Der Abgeordnete D\u00e1niel Z. K\u00e1rp\u00e1t sagte, die Ablehnung von Migrantenquoten in der Verfassung w\u00fcrde weit weniger kosten als die Durchf\u00fchrung eines Referendums Er argumentierte, dass der Ausgang eines Referendums ungewiss sei und eine Verfassungs\u00e4nderung bedeuten w\u00fcrde, Migrantenquoten auf h\u00f6chster Ebene des Gesetzes abzulehnen Er sagte, Jobbik werde die n\u00f6tigen Stimmen liefern, um eine Zweidrittelmehrheit im Parlament f\u00fcr die \u00c4nderung sicherzustellen.<\/p>\n<p>DK nannte das Referendum \u201canti-europ\u00e4isch\u201d und sagte, es gehe eigentlich nicht um die Aufnahme von Fl\u00fcchtlingen, sondern um die Beendigung der Mitgliedschaft Ungarns in der Europ\u00e4ischen UnionZsolt Gr\u00e9czy, der Sprecher der Partei, sagte auf einer Pressekonferenz, dass das \u201ctr\u00fcgerische\u201d Referendum darauf abzielt, die W\u00e4hler davon zu \u00fcberzeugen, dass es \u201cso etwas wie ein kostenloses Mittagessen\u201d gibt und dass Ungarn ein \u201cFreilader\u201d in der EU sein kann, wenn es sein will Gr\u00e9czy beharrte darauf, dass dies keine Option sei \u201cWeglassen [vom Referendum] ist eine Stimme f\u00fcr Europa\u201d, sagte Gr\u00e9czy, es sei \u201ceine Peinlichkeit\u201d, die Ministerpr\u00e4sident Viktor Orb\u00e1n 0 dazu benutzen wollte, um die Migranten zu lassen zu lassen\u201d<\/p>\n<p>Egy\u00fctt sagte, die Entscheidung der K\u00faria, dem Referendum zuzustimmen, sei rechtswidrig gewesen Parteichef Viktor Szigetv\u00e1ri sagte in einer Erkl\u00e4rung, das Urteil des Gerichts sei \u201cbesch\u00e4mend\u201d Er sagte, der Premierminister begeh \u201cein historisches Verbrechen\u201d und beharrte darauf, dass Orb\u00e1n die Abstimmung tats\u00e4chlich als Referendum gegen Europa nutzen wollte. Szigetv\u00e1ri beschuldigte Orb\u00e1n, den Befehlen des russischen Pr\u00e4sidenten Wladimir Putin Folge geleistet zu haben.<\/p>\n<p>Die Partei \u201eDialog f\u00fcr Ungarn\u201csagte, sie erkenne die Entscheidung K\u00farias an, beharrte jedoch darauf, dass das Referendum entgegen der Einsch\u00e4tzung des obersten Gerichts die internationalen Verpflichtungen Ungarns betreffe. Der Europaabgeordnete Benedek Javor sagte, die Auslegung der internationalen Verpflichtungen durch Kuria sei zu eng und argumentierte, dass die Regulierung der Migration eine geteilte Zust\u00e4ndigkeit sowohl der EU-Gremien als auch der Mitgliedstaaten sei. Javor argumentierte au\u00dferdem, dass der Begriff \u201eUmsiedlung\u201d kein rechtlicher Begriff sei, was bedeute, dass auch die Formulierung der Referendumsfrage unklar sei.<\/p>\n<p>Die Liberale Partei erkl\u00e4rte, sie werde sich wegen der Entscheidung des K\u00faria an das Verfassungsgericht wendenIn einer Erkl\u00e4rung forderte die Partei das Gericht auf, die Institution des Referendums zu sch\u00fctzen und kein Referendum abzuhalten, das nur den politischen Interessen des Fidesz-Urteils dienlich sei.<\/p>\n","protected":false},"excerpt":{"rendered":"<p>Budapest, 3. Mai (MTI) \u2013 Ungarns Oppositionsparteien kritisierten das von der Regierung geplante Referendum \u00fcber die von der Europ\u00e4ischen Union vorgeschlagene obligatorische Migrantenquotenregelung, nachdem das Oberste Gericht am Dienstag die Abstimmung in einer verbindlichen Entscheidung genehmigt hatte. Wie wir schrieben, die K\u00faria lehnte Berufungen gegen die Entscheidung des Nationalen Wahlausschusses ab, die Referendumsfrage zu verabschieden. [&hellip;]<\/p>\n","protected":false},"author":2,"featured_media":758629,"comment_status":"open","ping_status":"open","sticky":false,"template":"","format":"standard","meta":{"_acf_changed":false,"_display_image":"","footnotes":""},"categories":[1081],"tags":[1222,4015,1326,1632,3791,1871,1445],"class_list":["post-758628","post","type-post","status-publish","format-standard","has-post-thumbnail","hentry","category-politik","tag-demokratische-koalition","tag-egyutt","tag-gericht","tag-jobbik","tag-liberale","tag-migrantenquoten","tag-migration"],"blocksy_meta":[],"acf":[],"author_username":"alk","telegram_post":"","public_post_metadata":{"breaking_news":"","important":"","csempe":"","center_tile":"","disable_thumbnail":"","target_lang":"","_featured_image_style":"","telegram_post":"","_xlat_group_id":""},"public_rank_math_data":{"title":"%title% %sep% %sitename%","description":"","focus_keyword":"","canonical_url":"","robots":"","primary_category":"1081","breadcrumb_title":"","facebook_title":"","facebook_description":"","facebook_image":"","facebook_image_id":"","twitter_title":"","twitter_description":"","twitter_image":"","twitter_image_id":"","twitter_card_type":"","twitter_use_facebook":"","advanced_robots":"","pillar_content":"","seo_score":"","contentai_score":"","rich_snippet":""},"_links":{"self":[{"href":"https:\/\/dailynewshungary.com\/de\/wp-json\/wp\/v2\/posts\/758628","targetHints":{"allow":["GET"]}}],"collection":[{"href":"https:\/\/dailynewshungary.com\/de\/wp-json\/wp\/v2\/posts"}],"about":[{"href":"https:\/\/dailynewshungary.com\/de\/wp-json\/wp\/v2\/types\/post"}],"author":[{"embeddable":true,"href":"https:\/\/dailynewshungary.com\/de\/wp-json\/wp\/v2\/users\/2"}],"replies":[{"embeddable":true,"href":"https:\/\/dailynewshungary.com\/de\/wp-json\/wp\/v2\/comments?post=758628"}],"version-history":[{"count":0,"href":"https:\/\/dailynewshungary.com\/de\/wp-json\/wp\/v2\/posts\/758628\/revisions"}],"wp:featuredmedia":[{"embeddable":true,"href":"https:\/\/dailynewshungary.com\/de\/wp-json\/wp\/v2\/media\/758629"}],"wp:attachment":[{"href":"https:\/\/dailynewshungary.com\/de\/wp-json\/wp\/v2\/media?parent=758628"}],"wp:term":[{"taxonomy":"category","embeddable":true,"href":"https:\/\/dailynewshungary.com\/de\/wp-json\/wp\/v2\/categories?post=758628"},{"taxonomy":"post_tag","embeddable":true,"href":"https:\/\/dailynewshungary.com\/de\/wp-json\/wp\/v2\/tags?post=758628"}],"curies":[{"name":"wp","href":"https:\/\/api.w.org\/{rel}","templated":true}]}}