{"id":758644,"date":"2016-05-02T23:55:28","date_gmt":"2016-05-02T21:55:28","guid":{"rendered":"https:\/\/dailynewshungary.com\/de\/gruner-europaabgeordneter-fordert-gemeinsames-eu-grenzschutzsystem\/"},"modified":"2016-05-02T23:55:28","modified_gmt":"2016-05-02T21:55:28","slug":"gruner-europaabgeordneter-fordert-gemeinsames-eu-grenzschutzsystem","status":"publish","type":"post","link":"https:\/\/dailynewshungary.com\/de\/gruner-europaabgeordneter-fordert-gemeinsames-eu-grenzschutzsystem\/","title":{"rendered":"Gr\u00fcner Europaabgeordneter fordert gemeinsames EU-Grenzschutzsystem"},"content":{"rendered":"<p><strong>Budapest, 2. Mai (MTI) \u2013 Die EU braucht ein gemeinsames System zum Schutz der Au\u00dfengrenzen, um die Fl\u00fcchtlingskrise zu bew\u00e4ltigen, sagte Rebecca Harms, Co-Vorsitzende der Gr\u00fcnen-Fraktion im Europ\u00e4ischen Parlament, in Szeged, in S\u00fcdungarn, am Montag.<\/strong><\/p>\n<p><img loading=\"lazy\" decoding=\"async\" class=\"size-medium wp-image-39629 alignright\" src=\"https:\/\/dailynewshungary.com\/wp-content\/uploads\/2016\/05\/green-harm-200x300.jpg\" alt=\"gr\u00fcn-sch\u00e4dlich\" width=\"200\" height=\"300\" srcset=\"https:\/\/contentf5.dailynewshungary.com\/wp-content\/uploads\/2016\/05\/green-harm-200x300.jpg 200w, https:\/\/contentf5.dailynewshungary.com\/wp-content\/uploads\/2016\/05\/green-harm.jpg 399w\" sizes=\"auto, (max-width: 200px) 100vw, 200px\">Die Grenzpolizei der EU solle nach dem gleichen Regelwerk an den Au\u00dfengrenzen des Blocks patrouillieren, sagte Harms auf einer Pressekonferenz nach der Inspektion der in der N\u00e4he der Grenzorte Roszke und Tompa eingerichteten TransitzonenSie sagte, die EU solle Fl\u00fcchtlingen, die aus Kriegsgebieten fliehen, die legale Einreise in die EU und die Einreichung von Asylantr\u00e4gen erm\u00f6glichen.<\/p>\n<p>Harms beschrieb die Transitzonen, die auf der serbischen Seite des Zauns liegen, als \u201eunertr\u00e4glich\u201cund sagte, es sei inakzeptabel, dass Asylsuchende in der N\u00e4he der Transitzonen, die mit Kranken reisen, wochenlang unter freiem Himmel warten m\u00fcssten bevor sie ihre Asylantr\u00e4ge einreichen.<\/p>\n<p>Sie sagte, die Erkl\u00e4rung, die die ungarischen Beh\u00f6rden f\u00fcr den langsamen Prozess gegeben h\u00e4tten, sei, dass sie nur so den Menschenschmuggel bek\u00e4mpfen k\u00f6nnten. Harms argumentierte jedoch, dass auch Menschenschmuggler in den Transitzonen aktiv seien. Sie sagte, es seien oft die Kriminellen, die entschieden h\u00e4tten, welche Fl\u00fcchtlinge in die Transitzonen einreisen k\u00f6nnten und wer von ihnen illegal in die EU einreisen m\u00fcsse.<\/p>\n<p>Dialog f\u00fcr Ungarn MdEP Benedek J\u00e1vor sagte, die Fl\u00fcchtlinge, die ihre Asylantr\u00e4ge in Transitzonen stellen, werden schlie\u00dflich in Aufnahmezentren untergebracht Informationen der Beh\u00f6rden deuten jedoch darauf hin, dass 95 Prozent von ihnen ihre Reise in Richtung \u00d6sterreich oder Deutschland fortsetzen, f\u00fcgte er hinzu.<\/p>\n<p>J\u00e1vor beharrte darauf, dass die Regierung l\u00fcge, als sie sagte, dass die Asylverfahren so durchgef\u00fchrt werden m\u00fcssten, wie sie seien, um den Schutz Europas zu gew\u00e4hrleistenErkl\u00e4rte der ungarische Staat, dass er es Fl\u00fcchtlingen, die vor dem syrischen, irakischen oder afghanischen B\u00fcrgerkrieg fliehen, zun\u00e4chst schwerer mache, in die EU einzureisen, und sie dann gehen lasseDas ist die schlechteste m\u00f6gliche L\u00f6sung sowohl aus humanit\u00e4rer als auch aus sicherheitstechnischer Sicht, betonte J\u00e1vorDie Situation an der Grenze sei eine direkte Folge des Vers\u00e4umnisses der Regierung, das Asylverfahren angemessen an die Zahl der Einreisenden anzupassen.<\/p>\n<p><em>Foto: MTI<\/em><\/p>\n","protected":false},"excerpt":{"rendered":"<p>Budapest, 2. Mai (MTI) \u2013 Die EU braucht ein gemeinsames System zum Schutz der Au\u00dfengrenzen, um die Fl\u00fcchtlingskrise zu bew\u00e4ltigen, sagte Rebecca Harms, Co-Vorsitzende der Gr\u00fcnen-Fraktion im Europ\u00e4ischen Parlament, in Szeged, in S\u00fcdungarn, am Montag. Die Grenzpolizei der EU solle nach dem gleichen Regelwerk an den Au\u00dfengrenzen des Blocks patrouillieren, sagte Harms auf einer Pressekonferenz [&hellip;]<\/p>\n","protected":false},"author":2,"featured_media":758645,"comment_status":"open","ping_status":"open","sticky":false,"template":"","format":"standard","meta":{"_acf_changed":false,"_display_image":"","footnotes":""},"categories":[1081],"tags":[1661,1082,1445],"class_list":["post-758644","post","type-post","status-publish","format-standard","has-post-thumbnail","hentry","category-politik","tag-dialog-fur-ungarn","tag-europaische-union","tag-migration"],"blocksy_meta":[],"acf":[],"author_username":"alk","telegram_post":"","public_post_metadata":{"breaking_news":"","important":"","csempe":"","center_tile":"","disable_thumbnail":"","target_lang":"","_featured_image_style":"","telegram_post":"","_xlat_group_id":""},"public_rank_math_data":{"title":"%title% %sep% %sitename%","description":"","focus_keyword":"","canonical_url":"","robots":"","primary_category":"1081","breadcrumb_title":"","facebook_title":"","facebook_description":"","facebook_image":"","facebook_image_id":"","twitter_title":"","twitter_description":"","twitter_image":"","twitter_image_id":"","twitter_card_type":"","twitter_use_facebook":"","advanced_robots":"","pillar_content":"","seo_score":"","contentai_score":"","rich_snippet":""},"_links":{"self":[{"href":"https:\/\/dailynewshungary.com\/de\/wp-json\/wp\/v2\/posts\/758644","targetHints":{"allow":["GET"]}}],"collection":[{"href":"https:\/\/dailynewshungary.com\/de\/wp-json\/wp\/v2\/posts"}],"about":[{"href":"https:\/\/dailynewshungary.com\/de\/wp-json\/wp\/v2\/types\/post"}],"author":[{"embeddable":true,"href":"https:\/\/dailynewshungary.com\/de\/wp-json\/wp\/v2\/users\/2"}],"replies":[{"embeddable":true,"href":"https:\/\/dailynewshungary.com\/de\/wp-json\/wp\/v2\/comments?post=758644"}],"version-history":[{"count":0,"href":"https:\/\/dailynewshungary.com\/de\/wp-json\/wp\/v2\/posts\/758644\/revisions"}],"wp:featuredmedia":[{"embeddable":true,"href":"https:\/\/dailynewshungary.com\/de\/wp-json\/wp\/v2\/media\/758645"}],"wp:attachment":[{"href":"https:\/\/dailynewshungary.com\/de\/wp-json\/wp\/v2\/media?parent=758644"}],"wp:term":[{"taxonomy":"category","embeddable":true,"href":"https:\/\/dailynewshungary.com\/de\/wp-json\/wp\/v2\/categories?post=758644"},{"taxonomy":"post_tag","embeddable":true,"href":"https:\/\/dailynewshungary.com\/de\/wp-json\/wp\/v2\/tags?post=758644"}],"curies":[{"name":"wp","href":"https:\/\/api.w.org\/{rel}","templated":true}]}}