{"id":758850,"date":"2016-04-26T09:05:37","date_gmt":"2016-04-26T07:05:37","guid":{"rendered":"https:\/\/dailynewshungary.com\/de\/jobbik-begrust-triumph-der-nationalen-krafte-bei-der-osterreichischen-prasidentenwahl\/"},"modified":"2016-04-26T09:05:37","modified_gmt":"2016-04-26T07:05:37","slug":"jobbik-begrust-triumph-der-nationalen-krafte-bei-der-osterreichischen-prasidentenwahl","status":"publish","type":"post","link":"https:\/\/dailynewshungary.com\/de\/jobbik-begrust-triumph-der-nationalen-krafte-bei-der-osterreichischen-prasidentenwahl\/","title":{"rendered":"Jobbik begr\u00fc\u00dft Triumph der nationalen Kr\u00e4fte bei der \u00f6sterreichischen Pr\u00e4sidentenwahl"},"content":{"rendered":"<p><strong>Jobbik Bewegung f\u00fcr ein besseres Ungarn begr\u00fc\u00dft die Nachricht, dass die erste Runde der \u00f6sterreichischen Pr\u00e4sidentschaftswahlen einen Erdrutschsieg f\u00fcr Norbert Hofer, den Kandidaten der Freiheitlichen Partei \u00d6sterreichs (FP\u00d6), gebracht hat.<\/strong><\/p>\n<p>Wir sind davon \u00fcberzeugt, dass die europ\u00e4ischen Nationen im 21. Jahrhundert vor v\u00f6llig neuen Herausforderungen stehen und nur von solchen Politikern und Parteien, die in der Lage sind, auf die neue Situation zu reagieren, durch diese Schwierigkeiten gef\u00fchrt werden k\u00f6nnen. Die heutige Wahl brachte f\u00fcr die Kr\u00e4fte des 20. Jahrhunderts v\u00f6lliges Scheitern und zeigte deutlich die Meinung des \u00f6sterreichischen Volkes \u00fcber die Koalitionsregierung der vergangenen Jahre und die Unvergessenheit der \u00f6sterreichischen F\u00fchrung.<\/p>\n<p>Jobbik w\u00fcnscht Norbert Hofer und der FP\u00d6 viel Erfolg im zweiten Wahlgang, wir vertrauen darauf, dass der nationale Kandidat die n\u00f6tigen Stimmen bekommt, um die Pr\u00e4sidentschaft zu gewinnen Wir bringen auch unsere Hoffnung zum Ausdruck, dass die politischen Akteure \u00d6sterreichs den Willen des Volkes respektieren und nicht versuchen werden, die Institution einer wirklich demokratischen Wahl durch ein B\u00fcndnis gegen den wahrscheinlichen Gewinner zu untergraben, wie es k\u00fcrzlich in Frankreich geschehen ist.<\/p>\n","protected":false},"excerpt":{"rendered":"<p>Jobbik Bewegung f\u00fcr ein besseres Ungarn begr\u00fc\u00dft die Nachricht, dass die erste Runde der \u00f6sterreichischen Pr\u00e4sidentschaftswahlen einen Erdrutschsieg f\u00fcr Norbert Hofer, den Kandidaten der Freiheitlichen Partei \u00d6sterreichs (FP\u00d6), gebracht hat. Wir sind davon \u00fcberzeugt, dass die europ\u00e4ischen Nationen im 21. Jahrhundert vor v\u00f6llig neuen Herausforderungen stehen und nur von solchen Politikern und Parteien, die in [&hellip;]<\/p>\n","protected":false},"author":2,"featured_media":758851,"comment_status":"open","ping_status":"open","sticky":false,"template":"","format":"standard","meta":{"_acf_changed":false,"_display_image":"","footnotes":""},"categories":[1081],"tags":[1082,1632,1129],"class_list":["post-758850","post","type-post","status-publish","format-standard","has-post-thumbnail","hentry","category-politik","tag-europaische-union","tag-jobbik","tag-osterreich"],"blocksy_meta":[],"acf":[],"author_username":"alk","telegram_post":"","public_post_metadata":{"breaking_news":"","important":"","csempe":"","center_tile":"","disable_thumbnail":"","target_lang":"","_featured_image_style":"","telegram_post":"","_xlat_group_id":""},"public_rank_math_data":{"title":"%title% %sep% %sitename%","description":"","focus_keyword":"","canonical_url":"","robots":"","primary_category":"1081","breadcrumb_title":"","facebook_title":"","facebook_description":"","facebook_image":"","facebook_image_id":"","twitter_title":"","twitter_description":"","twitter_image":"","twitter_image_id":"","twitter_card_type":"","twitter_use_facebook":"","advanced_robots":"","pillar_content":"","seo_score":"","contentai_score":"","rich_snippet":""},"_links":{"self":[{"href":"https:\/\/dailynewshungary.com\/de\/wp-json\/wp\/v2\/posts\/758850","targetHints":{"allow":["GET"]}}],"collection":[{"href":"https:\/\/dailynewshungary.com\/de\/wp-json\/wp\/v2\/posts"}],"about":[{"href":"https:\/\/dailynewshungary.com\/de\/wp-json\/wp\/v2\/types\/post"}],"author":[{"embeddable":true,"href":"https:\/\/dailynewshungary.com\/de\/wp-json\/wp\/v2\/users\/2"}],"replies":[{"embeddable":true,"href":"https:\/\/dailynewshungary.com\/de\/wp-json\/wp\/v2\/comments?post=758850"}],"version-history":[{"count":0,"href":"https:\/\/dailynewshungary.com\/de\/wp-json\/wp\/v2\/posts\/758850\/revisions"}],"wp:featuredmedia":[{"embeddable":true,"href":"https:\/\/dailynewshungary.com\/de\/wp-json\/wp\/v2\/media\/758851"}],"wp:attachment":[{"href":"https:\/\/dailynewshungary.com\/de\/wp-json\/wp\/v2\/media?parent=758850"}],"wp:term":[{"taxonomy":"category","embeddable":true,"href":"https:\/\/dailynewshungary.com\/de\/wp-json\/wp\/v2\/categories?post=758850"},{"taxonomy":"post_tag","embeddable":true,"href":"https:\/\/dailynewshungary.com\/de\/wp-json\/wp\/v2\/tags?post=758850"}],"curies":[{"name":"wp","href":"https:\/\/api.w.org\/{rel}","templated":true}]}}