{"id":758858,"date":"2016-04-26T00:50:17","date_gmt":"2016-04-25T22:50:17","guid":{"rendered":"https:\/\/dailynewshungary.com\/de\/us-okonom-ttip-konnte-dem-europaischen-handel-schaden-und-die-arbeitslosigkeit-erhohen\/"},"modified":"2016-04-26T00:50:17","modified_gmt":"2016-04-25T22:50:17","slug":"us-okonom-ttip-konnte-dem-europaischen-handel-schaden-und-die-arbeitslosigkeit-erhohen","status":"publish","type":"post","link":"https:\/\/dailynewshungary.com\/de\/us-okonom-ttip-konnte-dem-europaischen-handel-schaden-und-die-arbeitslosigkeit-erhohen\/","title":{"rendered":"US-\u00d6konom: TTIP k\u00f6nnte dem europ\u00e4ischen Handel schaden und die Arbeitslosigkeit erh\u00f6hen"},"content":{"rendered":"<p><strong>Budapest (MTI) (Austragungsabkommen Die Transatlantische Handels- und Investitionspartnerschaft (TTIP), ein zwischen den Vereinigten Staaten und der Europ\u00e4ischen Union geplantes Freihandelsabkommen, k\u00f6nnte das globale Wachstum bremsen, Arbeitslosigkeit und soziale Ungleichheit erh\u00f6hen und gleichzeitig den Handel innerhalb der EU verlangsamen, sagte ein \u00d6konom und Arbeitsmarktexperte sagte am Montag.<\/strong><\/p>\n<p>Jeronim Capaldo, Forscher an der US-amerikanischen Tufts University und Experte der internationalen Arbeitsorganisation (ILO), sagte bei einem Runden Tisch in Budapest, dass er die bisher ver\u00f6ffentlichten Prognosen zum TTIP \u201eunrealistisch\u201cf\u00e4nde, auch weil sie vorhersagten, dass dies der Fall sein w\u00fcrde \u201eUnrealistisch\u201d sei \u201eEine \u00c4nderung der Besch\u00e4ftigungsquote oder der L\u00f6hne durch den Pakt\u201d Die ver\u00f6ffentlichten Studien ignorieren im Allgemeinen auch das Haushaltsdefizit, sagte er.<\/p>\n<p>Capaldo sagte in seiner Analyse, die auf dem globalen Politikmodell der Vereinten Nationen basierte, dass die TTIP das Problem der \u00dcberproduktion in Industriegesellschaften, in denen \u00fcbersch\u00fcssige G\u00fcter nicht unbedingt einen Markt finden, nicht l\u00f6sen w\u00fcrde.<\/p>\n<p>Im Zusammenhang mit den genannten Vorteilen f\u00fcr Ungarn bei den Fahrzeugelexporten sagte Capaldo, Europa sei bereits ein gro\u00dfer Exporteur von Fahrzeugen in die USA und es sei nicht bekannt, ob die TTIP dies weiter steigern k\u00f6nne.<\/p>\n<p>Er wies jedoch darauf hin, dass Vereinbarungen im Zusammenhang mit der TTIP die Positionen der Arbeitnehmer schw\u00e4chen w\u00fcrden, was zu wirtschaftlicher Instabilit\u00e4t und letztendlich zu einer Krise f\u00fchren w\u00fcrde.<\/p>\n<p>Die Gespr\u00e4che \u00fcber die TTIP laufen seit 2013, geraten jedoch in eine Sackgasse, da europ\u00e4ische Kritiker bef\u00fcrchten, dass sich T\u00fcren f\u00fcr ungebremste Gesch\u00e4fte gro\u00dfer globaler US-Konzerne \u00f6ffnen k\u00f6nnten.<\/p>\n","protected":false},"excerpt":{"rendered":"<p>Budapest (MTI) (Austragungsabkommen Die Transatlantische Handels- und Investitionspartnerschaft (TTIP), ein zwischen den Vereinigten Staaten und der Europ\u00e4ischen Union geplantes Freihandelsabkommen, k\u00f6nnte das globale Wachstum bremsen, Arbeitslosigkeit und soziale Ungleichheit erh\u00f6hen und gleichzeitig den Handel innerhalb der EU verlangsamen, sagte ein \u00d6konom und Arbeitsmarktexperte sagte am Montag. Jeronim Capaldo, Forscher an der US-amerikanischen Tufts University und [&hellip;]<\/p>\n","protected":false},"author":2,"featured_media":758859,"comment_status":"open","ping_status":"open","sticky":false,"template":"","format":"standard","meta":{"_acf_changed":false,"_display_image":"","footnotes":""},"categories":[1281],"tags":[1082,4102,1157,1104],"class_list":["post-758858","post","type-post","status-publish","format-standard","has-post-thumbnail","hentry","category-geschaft","tag-europaische-union","tag-transatlantische-handels-und-investitionspartnerschaft-2","tag-vereinigte-staaten","tag-wirtschaft"],"blocksy_meta":[],"acf":[],"author_username":"alk","telegram_post":"","public_post_metadata":{"breaking_news":"","important":"","csempe":"","center_tile":"","disable_thumbnail":"","target_lang":"","_featured_image_style":"","telegram_post":"","_xlat_group_id":""},"public_rank_math_data":{"title":"%title% %sep% %sitename%","description":"","focus_keyword":"","canonical_url":"","robots":"","primary_category":"1281","breadcrumb_title":"","facebook_title":"","facebook_description":"","facebook_image":"","facebook_image_id":"","twitter_title":"","twitter_description":"","twitter_image":"","twitter_image_id":"","twitter_card_type":"","twitter_use_facebook":"","advanced_robots":"","pillar_content":"","seo_score":"","contentai_score":"","rich_snippet":""},"_links":{"self":[{"href":"https:\/\/dailynewshungary.com\/de\/wp-json\/wp\/v2\/posts\/758858","targetHints":{"allow":["GET"]}}],"collection":[{"href":"https:\/\/dailynewshungary.com\/de\/wp-json\/wp\/v2\/posts"}],"about":[{"href":"https:\/\/dailynewshungary.com\/de\/wp-json\/wp\/v2\/types\/post"}],"author":[{"embeddable":true,"href":"https:\/\/dailynewshungary.com\/de\/wp-json\/wp\/v2\/users\/2"}],"replies":[{"embeddable":true,"href":"https:\/\/dailynewshungary.com\/de\/wp-json\/wp\/v2\/comments?post=758858"}],"version-history":[{"count":0,"href":"https:\/\/dailynewshungary.com\/de\/wp-json\/wp\/v2\/posts\/758858\/revisions"}],"wp:featuredmedia":[{"embeddable":true,"href":"https:\/\/dailynewshungary.com\/de\/wp-json\/wp\/v2\/media\/758859"}],"wp:attachment":[{"href":"https:\/\/dailynewshungary.com\/de\/wp-json\/wp\/v2\/media?parent=758858"}],"wp:term":[{"taxonomy":"category","embeddable":true,"href":"https:\/\/dailynewshungary.com\/de\/wp-json\/wp\/v2\/categories?post=758858"},{"taxonomy":"post_tag","embeddable":true,"href":"https:\/\/dailynewshungary.com\/de\/wp-json\/wp\/v2\/tags?post=758858"}],"curies":[{"name":"wp","href":"https:\/\/api.w.org\/{rel}","templated":true}]}}